{"id":9441,"date":"2024-10-18T09:57:30","date_gmt":"2024-10-18T15:57:30","guid":{"rendered":"http:\/\/www.fontur.gob.ve\/?p=9441"},"modified":"2024-10-18T10:03:07","modified_gmt":"2024-10-18T16:03:07","slug":"transportistas-guariquenos-fueron-atendidos-por-fontur","status":"publish","type":"post","link":"http:\/\/www.fontur.gob.ve\/?p=9441","title":{"rendered":"Transportistas guarique\u00f1os fueron atendidos por Fontur"},"content":{"rendered":"<p style=\"text-align: justify;\">San Juan de Los Morros, 17\/10\/2024-. Este jueves 17 de octubre, Fontur realiz\u00f3 una Jornada Especial de Atenci\u00f3n al Transportista en la ciudad de San Juan de los Morros en el estado Gu\u00e1rico.<\/p>\n<p style=\"text-align: justify;\">La actividad se realiz\u00f3 en la sede de Fontur Gu\u00e1rico, ubicada en las instalaciones del Ministerio del Poder Popular para Transporte, en la Av. R\u00f3mulo Gallegos, donde estuvo presente la Tienda del Transportista con la comercializaci\u00f3n de bater\u00edas, cauchos, aceites y repuestos de motos a precios solidarios.<\/p>\n<p style=\"text-align: justify;\">Johan Manuel Rond\u00f3n, transportista de la l\u00ednea El Progreso de San Juan de los Morros, quien adquiri\u00f3 cauchos para su unidad y gestion\u00f3 el Certificado M\u00e9dico, manifest\u00f3 \u00able doy las gracias al Presidente Nicolas Maduro, a Fontur y al Ministerio de Transporte por la jornada para el beneficio de los transportistas\u00bb.<\/p>\n<p style=\"text-align: justify;\">Durante la jornada, Fontur brind\u00f3 el servicio de Responsabilidad Civil y Certificado M\u00e9dico (RCV), y a trav\u00e9s de la Oficina de Atenci\u00f3n al Ciudadano se prest\u00f3 el acompa\u00f1amiento a los transportistas en la actualizaci\u00f3n del Sistema Patria para el combustible subsidiado.<\/p>\n<p style=\"text-align: justify;\">Adem\u00e1s, prestamos el servicio de Atenci\u00f3n M\u00e9dica Primaria, con la revisi\u00f3n de distintas patolog\u00edas y entrega de algunos medicamentos.<\/p>\n<p style=\"text-align: justify;\">La transportista Iliana Hern\u00e1ndez, de la l\u00ednea San Miguel Arc\u00e1ngel de San Juan de los Morros, acudi\u00f3 a la jornada para actualizarse en la plataforma Patria y di\u00f3 las gracias a Fontur \u00abpor la excelente atenci\u00f3n\u00bb y al Presidente Nicol\u00e1s Maduro por el apoyo al sector transporte.<\/p>\n<p style=\"text-align: justify;\">\u00a1Fontur en la Calle!<\/p>\n\n\t\t<style type=\"text\/css\">\n\t\t\t#gallery-1 {\n\t\t\t\tmargin: auto;\n\t\t\t}\n\t\t\t#gallery-1 .gallery-item {\n\t\t\t\tfloat: left;\n\t\t\t\tmargin-top: 10px;\n\t\t\t\ttext-align: center;\n\t\t\t\twidth: 14%;\n\t\t\t}\n\t\t\t#gallery-1 img {\n\t\t\t\tborder: 2px solid #cfcfcf;\n\t\t\t}\n\t\t\t#gallery-1 .gallery-caption {\n\t\t\t\tmargin-left: 0;\n\t\t\t}\n\t\t\t\/* see gallery_shortcode() in wp-includes\/media.php *\/\n\t\t<\/style>\n\t\t<div id='gallery-1' class='gallery galleryid-9441 gallery-columns-7 gallery-size-thumbnail'><dl class='gallery-item'>\n\t\t\t<dt class='gallery-icon landscape'>\n\t\t\t\t<a href='http:\/\/www.fontur.gob.ve\/?attachment_id=9444#main'><img loading=\"lazy\" decoding=\"async\" width=\"150\" height=\"150\" src=\"http:\/\/www.fontur.gob.ve\/wp-content\/uploads\/2024\/10\/WhatsApp-Image-2024-10-18-at-5.36.53-PM1-150x150.jpeg\" class=\"attachment-thumbnail size-thumbnail\" alt=\"\" \/><\/a>\n\t\t\t<\/dt><\/dl><dl class='gallery-item'>\n\t\t\t<dt class='gallery-icon landscape'>\n\t\t\t\t<a href='http:\/\/www.fontur.gob.ve\/?attachment_id=9445#main'><img loading=\"lazy\" decoding=\"async\" width=\"150\" height=\"150\" src=\"http:\/\/www.fontur.gob.ve\/wp-content\/uploads\/2024\/10\/WhatsApp-Image-2024-10-18-at-5.36.53-PM-150x150.jpeg\" class=\"attachment-thumbnail size-thumbnail\" alt=\"\" \/><\/a>\n\t\t\t<\/dt><\/dl><dl class='gallery-item'>\n\t\t\t<dt class='gallery-icon landscape'>\n\t\t\t\t<a href='http:\/\/www.fontur.gob.ve\/?attachment_id=9446#main'><img loading=\"lazy\" decoding=\"async\" width=\"150\" height=\"150\" src=\"http:\/\/www.fontur.gob.ve\/wp-content\/uploads\/2024\/10\/WhatsApp-Image-2024-10-18-at-5.33.52-PM1-150x150.jpeg\" class=\"attachment-thumbnail size-thumbnail\" alt=\"\" \/><\/a>\n\t\t\t<\/dt><\/dl><dl class='gallery-item'>\n\t\t\t<dt class='gallery-icon portrait'>\n\t\t\t\t<a href='http:\/\/www.fontur.gob.ve\/?attachment_id=9448#main'><img loading=\"lazy\" decoding=\"async\" width=\"150\" height=\"150\" src=\"http:\/\/www.fontur.gob.ve\/wp-content\/uploads\/2024\/10\/WhatsApp-Image-2024-10-18-at-4.41.53-PM-150x150.jpeg\" class=\"attachment-thumbnail size-thumbnail\" alt=\"\" \/><\/a>\n\t\t\t<\/dt><\/dl><dl class='gallery-item'>\n\t\t\t<dt class='gallery-icon portrait'>\n\t\t\t\t<a href='http:\/\/www.fontur.gob.ve\/?attachment_id=9450#main'><img loading=\"lazy\" decoding=\"async\" width=\"150\" height=\"150\" src=\"http:\/\/www.fontur.gob.ve\/wp-content\/uploads\/2024\/10\/WhatsApp-Image-2024-10-18-at-4.41.52-PM2-150x150.jpeg\" class=\"attachment-thumbnail size-thumbnail\" alt=\"\" \/><\/a>\n\t\t\t<\/dt><\/dl><dl class='gallery-item'>\n\t\t\t<dt class='gallery-icon portrait'>\n\t\t\t\t<a href='http:\/\/www.fontur.gob.ve\/?attachment_id=9451#main'><img loading=\"lazy\" decoding=\"async\" width=\"150\" height=\"150\" src=\"http:\/\/www.fontur.gob.ve\/wp-content\/uploads\/2024\/10\/WhatsApp-Image-2024-10-18-at-4.41.52-PM1-150x150.jpeg\" class=\"attachment-thumbnail size-thumbnail\" alt=\"\" \/><\/a>\n\t\t\t<\/dt><\/dl><dl class='gallery-item'>\n\t\t\t<dt class='gallery-icon portrait'>\n\t\t\t\t<a href='http:\/\/www.fontur.gob.ve\/?attachment_id=9452#main'><img loading=\"lazy\" decoding=\"async\" width=\"150\" height=\"150\" src=\"http:\/\/www.fontur.gob.ve\/wp-content\/uploads\/2024\/10\/WhatsApp-Image-2024-10-18-at-4.41.52-PM-150x150.jpeg\" class=\"attachment-thumbnail size-thumbnail\" alt=\"\" \/><\/a>\n\t\t\t<\/dt><\/dl><br style=\"clear: both\" \/>\n\t\t<\/div>\n\n","protected":false},"excerpt":{"rendered":"<p>San Juan de Los Morros, 17\/10\/2024-. Este jueves 17 de octubre, Fontur realiz\u00f3 una Jornada Especial de Atenci\u00f3n al Transportista en la ciudad de San Juan de los Morros en <a class=\"more-link\" href=\"http:\/\/www.fontur.gob.ve\/?p=9441\">Leer M\u00e1s \u2192<\/a><\/p>\n","protected":false},"author":4,"featured_media":9456,"comment_status":"closed","ping_status":"closed","sticky":false,"template":"","format":"standard","meta":{"ngg_post_thumbnail":0,"footnotes":""},"categories":[4],"tags":[],"class_list":["post-9441","post","type-post","status-publish","format-standard","has-post-thumbnail","hentry","category-destacados"],"_links":{"self":[{"href":"http:\/\/www.fontur.gob.ve\/index.php?rest_route=\/wp\/v2\/posts\/9441","targetHints":{"allow":["GET"]}}],"collection":[{"href":"http:\/\/www.fontur.gob.ve\/index.php?rest_route=\/wp\/v2\/posts"}],"about":[{"href":"http:\/\/www.fontur.gob.ve\/index.php?rest_route=\/wp\/v2\/types\/post"}],"author":[{"embeddable":true,"href":"http:\/\/www.fontur.gob.ve\/index.php?rest_route=\/wp\/v2\/users\/4"}],"replies":[{"embeddable":true,"href":"http:\/\/www.fontur.gob.ve\/index.php?rest_route=%2Fwp%2Fv2%2Fcomments&post=9441"}],"version-history":[{"count":1,"href":"http:\/\/www.fontur.gob.ve\/index.php?rest_route=\/wp\/v2\/posts\/9441\/revisions"}],"predecessor-version":[{"id":9453,"href":"http:\/\/www.fontur.gob.ve\/index.php?rest_route=\/wp\/v2\/posts\/9441\/revisions\/9453"}],"wp:featuredmedia":[{"embeddable":true,"href":"http:\/\/www.fontur.gob.ve\/index.php?rest_route=\/wp\/v2\/media\/9456"}],"wp:attachment":[{"href":"http:\/\/www.fontur.gob.ve\/index.php?rest_route=%2Fwp%2Fv2%2Fmedia&parent=9441"}],"wp:term":[{"taxonomy":"category","embeddable":true,"href":"http:\/\/www.fontur.gob.ve\/index.php?rest_route=%2Fwp%2Fv2%2Fcategories&post=9441"},{"taxonomy":"post_tag","embeddable":true,"href":"http:\/\/www.fontur.gob.ve\/index.php?rest_route=%2Fwp%2Fv2%2Ftags&post=9441"}],"curies":[{"name":"wp","href":"https:\/\/api.w.org\/{rel}","templated":true}]}}