{"id":8572,"date":"2024-10-14T08:37:08","date_gmt":"2024-10-14T14:37:08","guid":{"rendered":"http:\/\/www.fontur.gob.ve\/?p=8572"},"modified":"2024-10-14T10:48:37","modified_gmt":"2024-10-14T16:48:37","slug":"aldea-de-la-mision-ribas-llego-a-fontur","status":"publish","type":"post","link":"http:\/\/www.fontur.gob.ve\/?p=8572","title":{"rendered":"Aldea de la Misi\u00f3n Ribas lleg\u00f3 a Fontur"},"content":{"rendered":"<p style=\"text-align: justify;\">Caracas, 30\/09\/2024.- El presidente de la Fundaci\u00f3n Fondo Nacional de Transporte Urbano, Guillermo Eloy Sulbar\u00e1n Castillo, hizo posible el sue\u00f1o de trabajadores de la instituci\u00f3n, estos son las ganas de culminar la educaci\u00f3n b\u00e1sica y diversificada con la instalaci\u00f3n de la Aldea de Misi\u00f3n Ribas.<\/p>\n<p style=\"text-align: justify;\">El acto oficial de instalaci\u00f3n se llev\u00f3 a cabo este lunes 30 de septiembre en el aula \u201cLuis Segundo Garc\u00eda\u201d, ubicada en el piso 6 de Jabillitos, en la sede de Fontur, presidida por Sulbar\u00e1n Castillo, quien estuvo acompa\u00f1ado por Luis Laya, Presidente de la Fundaci\u00f3n Misi\u00f3n Ribas e Yngris Viez, actual Directora General de Asuntos Acad\u00e9micos de la Misi\u00f3n y Presidenta de la Fundaci\u00f3n Escuela Feminista del Sur \u201cArgelia Laya\u201d (FEMSUR).<\/p>\n<p style=\"text-align: justify;\">\u201cLa creaci\u00f3n de esta Aldea, es una solicitud realizada por los trabajadores de Fontur. \u00a1Cumplimos! aqu\u00ed est\u00e1 para ustedes, para seguir avanzando. Despu\u00e9s de culminada esta etapa, optar\u00e1n por la formaci\u00f3n acad\u00e9mica a nivel universitario, en las carreras que est\u00e1n disponibles a trav\u00e9s de la Universidad Nacional Experimental de Transporte\u201d, puntualiz\u00f3 Eloy Sulbar\u00e1n.<\/p>\n<p style=\"text-align: justify;\">Cabe destacar, que las actividades comenzar\u00e1n a partir del primero de octubre para trabajadores, familiares y transportistas. \u201cEsperamos que aprovechen al m\u00e1ximo esta oportunidad, esto les pertenece\u201d, finaliz\u00f3 el presidente de Fontur.<\/p>\n<p style=\"text-align: justify;\">\u00a1Fontur en la Calle!<\/p>\n\n\t\t<style type=\"text\/css\">\n\t\t\t#gallery-1 {\n\t\t\t\tmargin: auto;\n\t\t\t}\n\t\t\t#gallery-1 .gallery-item {\n\t\t\t\tfloat: left;\n\t\t\t\tmargin-top: 10px;\n\t\t\t\ttext-align: center;\n\t\t\t\twidth: 14%;\n\t\t\t}\n\t\t\t#gallery-1 img {\n\t\t\t\tborder: 2px solid #cfcfcf;\n\t\t\t}\n\t\t\t#gallery-1 .gallery-caption {\n\t\t\t\tmargin-left: 0;\n\t\t\t}\n\t\t\t\/* see gallery_shortcode() in wp-includes\/media.php *\/\n\t\t<\/style>\n\t\t<div id='gallery-1' class='gallery galleryid-8572 gallery-columns-7 gallery-size-thumbnail'><dl class='gallery-item'>\n\t\t\t<dt class='gallery-icon landscape'>\n\t\t\t\t<a href='http:\/\/www.fontur.gob.ve\/?attachment_id=8612#main'><img loading=\"lazy\" decoding=\"async\" width=\"150\" height=\"150\" src=\"http:\/\/www.fontur.gob.ve\/wp-content\/uploads\/2024\/10\/photo_2024-10-14_17-15-34-150x150.jpg\" class=\"attachment-thumbnail size-thumbnail\" alt=\"\" \/><\/a>\n\t\t\t<\/dt><\/dl><dl class='gallery-item'>\n\t\t\t<dt class='gallery-icon landscape'>\n\t\t\t\t<a href='http:\/\/www.fontur.gob.ve\/?attachment_id=8608#main'><img loading=\"lazy\" decoding=\"async\" width=\"150\" height=\"150\" src=\"http:\/\/www.fontur.gob.ve\/wp-content\/uploads\/2024\/10\/photo_2024-10-14_17-15-00-150x150.jpg\" class=\"attachment-thumbnail size-thumbnail\" alt=\"\" \/><\/a>\n\t\t\t<\/dt><\/dl><dl class='gallery-item'>\n\t\t\t<dt class='gallery-icon landscape'>\n\t\t\t\t<a href='http:\/\/www.fontur.gob.ve\/?attachment_id=8609#main'><img loading=\"lazy\" decoding=\"async\" width=\"150\" height=\"150\" src=\"http:\/\/www.fontur.gob.ve\/wp-content\/uploads\/2024\/10\/photo_2024-10-14_17-15-26-150x150.jpg\" class=\"attachment-thumbnail size-thumbnail\" alt=\"\" \/><\/a>\n\t\t\t<\/dt><\/dl><dl class='gallery-item'>\n\t\t\t<dt class='gallery-icon landscape'>\n\t\t\t\t<a href='http:\/\/www.fontur.gob.ve\/?attachment_id=8610#main'><img loading=\"lazy\" decoding=\"async\" width=\"150\" height=\"150\" src=\"http:\/\/www.fontur.gob.ve\/wp-content\/uploads\/2024\/10\/photo_2024-10-14_17-15-29-150x150.jpg\" class=\"attachment-thumbnail size-thumbnail\" alt=\"\" \/><\/a>\n\t\t\t<\/dt><\/dl><dl class='gallery-item'>\n\t\t\t<dt class='gallery-icon landscape'>\n\t\t\t\t<a href='http:\/\/www.fontur.gob.ve\/?attachment_id=8611#main'><img loading=\"lazy\" decoding=\"async\" width=\"150\" height=\"150\" src=\"http:\/\/www.fontur.gob.ve\/wp-content\/uploads\/2024\/10\/photo_2024-10-14_17-15-32-150x150.jpg\" class=\"attachment-thumbnail size-thumbnail\" alt=\"\" \/><\/a>\n\t\t\t<\/dt><\/dl><dl class='gallery-item'>\n\t\t\t<dt class='gallery-icon landscape'>\n\t\t\t\t<a href='http:\/\/www.fontur.gob.ve\/?attachment_id=8588#main'><img loading=\"lazy\" decoding=\"async\" width=\"150\" height=\"150\" src=\"http:\/\/www.fontur.gob.ve\/wp-content\/uploads\/2024\/10\/IMG_4999-150x150.jpg\" class=\"attachment-thumbnail size-thumbnail\" alt=\"\" \/><\/a>\n\t\t\t<\/dt><\/dl><dl class='gallery-item'>\n\t\t\t<dt class='gallery-icon landscape'>\n\t\t\t\t<a href='http:\/\/www.fontur.gob.ve\/?attachment_id=8620#main'><img loading=\"lazy\" decoding=\"async\" width=\"150\" height=\"150\" src=\"http:\/\/www.fontur.gob.ve\/wp-content\/uploads\/2024\/10\/Mision-Ribas-150x150.png\" class=\"attachment-thumbnail size-thumbnail\" alt=\"\" \/><\/a>\n\t\t\t<\/dt><\/dl><br style=\"clear: both\" \/>\n\t\t<\/div>\n\n","protected":false},"excerpt":{"rendered":"<p>Caracas, 30\/09\/2024.- El presidente de la Fundaci\u00f3n Fondo Nacional de Transporte Urbano, Guillermo Eloy Sulbar\u00e1n Castillo, hizo posible el sue\u00f1o de trabajadores de la instituci\u00f3n, estos son las ganas de <a class=\"more-link\" href=\"http:\/\/www.fontur.gob.ve\/?p=8572\">Leer M\u00e1s \u2192<\/a><\/p>\n","protected":false},"author":4,"featured_media":8619,"comment_status":"closed","ping_status":"closed","sticky":false,"template":"","format":"standard","meta":{"ngg_post_thumbnail":0,"footnotes":""},"categories":[5],"tags":[],"class_list":["post-8572","post","type-post","status-publish","format-standard","has-post-thumbnail","hentry","category-noticias"],"_links":{"self":[{"href":"http:\/\/www.fontur.gob.ve\/index.php?rest_route=\/wp\/v2\/posts\/8572","targetHints":{"allow":["GET"]}}],"collection":[{"href":"http:\/\/www.fontur.gob.ve\/index.php?rest_route=\/wp\/v2\/posts"}],"about":[{"href":"http:\/\/www.fontur.gob.ve\/index.php?rest_route=\/wp\/v2\/types\/post"}],"author":[{"embeddable":true,"href":"http:\/\/www.fontur.gob.ve\/index.php?rest_route=\/wp\/v2\/users\/4"}],"replies":[{"embeddable":true,"href":"http:\/\/www.fontur.gob.ve\/index.php?rest_route=%2Fwp%2Fv2%2Fcomments&post=8572"}],"version-history":[{"count":4,"href":"http:\/\/www.fontur.gob.ve\/index.php?rest_route=\/wp\/v2\/posts\/8572\/revisions"}],"predecessor-version":[{"id":8621,"href":"http:\/\/www.fontur.gob.ve\/index.php?rest_route=\/wp\/v2\/posts\/8572\/revisions\/8621"}],"wp:featuredmedia":[{"embeddable":true,"href":"http:\/\/www.fontur.gob.ve\/index.php?rest_route=\/wp\/v2\/media\/8619"}],"wp:attachment":[{"href":"http:\/\/www.fontur.gob.ve\/index.php?rest_route=%2Fwp%2Fv2%2Fmedia&parent=8572"}],"wp:term":[{"taxonomy":"category","embeddable":true,"href":"http:\/\/www.fontur.gob.ve\/index.php?rest_route=%2Fwp%2Fv2%2Fcategories&post=8572"},{"taxonomy":"post_tag","embeddable":true,"href":"http:\/\/www.fontur.gob.ve\/index.php?rest_route=%2Fwp%2Fv2%2Ftags&post=8572"}],"curies":[{"name":"wp","href":"https:\/\/api.w.org\/{rel}","templated":true}]}}