{"id":8554,"date":"2024-10-15T13:00:51","date_gmt":"2024-10-15T19:00:51","guid":{"rendered":"http:\/\/www.fontur.gob.ve\/?p=8554"},"modified":"2024-10-15T13:00:51","modified_gmt":"2024-10-15T19:00:51","slug":"programa-n-51-de-fontur-en-la-calle-especial-inicio-de-la-navidad","status":"publish","type":"post","link":"http:\/\/www.fontur.gob.ve\/?p=8554","title":{"rendered":"Programa N\u00b0 51 de Fontur en la Calle: Especial inicio de la navidad"},"content":{"rendered":"<p style=\"text-align: justify;\">Caracas, 04\/10\/2024.- Este viernes 4 de octubre, fue transmitido para toda Venezuela, el programa 51 de Fontur en la Calle. Programaci\u00f3n que tiene como objetivo informar avances, logros y todo lo relacionado con el sector transporte.<\/p>\n<p style=\"text-align: justify;\">Guillermo Eloy Sulbar\u00e1n Castillo, recibi\u00f3 en la sala de audio nada m\u00e1s y nada menos, al equipo de la Oficina de Tecnolog\u00eda de la Informaci\u00f3n y la Comunicaci\u00f3n de Fontur.<\/p>\n<p style=\"text-align: justify;\">\u201cIniciamos esta semana con excelentes noticias: llevamos a cabo la inauguraci\u00f3n de la Aldea de la Misi\u00f3n Ribas, que estar\u00e1 operativa dentro de la Fundaci\u00f3n, donde se capacitar\u00e1n a trabajadores, familiares, transportistas punto y circulo\u201d, destac\u00f3 Chiquit\u00edn.<\/p>\n<p style=\"text-align: justify;\">Sulbar\u00e1n tambi\u00e9n destac\u00f3 que \u201cGracias a este valioso logro, nos hemos reunido con representantes de la Universidad Nacional Experimental de la Gran Caracas (UNEXCA), con la finalidad de establecer alianzas estrat\u00e9gicas entre ambas instituciones\u201d.<\/p>\n<p style=\"text-align: justify;\">El equipo invitado al programa, se sinti\u00f3 muy agradecido con el Presidente de Fontur, ya que manifiestan que ha tomado en cuenta a la clase trabajadora. \u201cEstamos compenetrados como equipo, somos una gran familia\u201d, expres\u00f3 Yosmar Guerrero.<\/p>\n<p style=\"text-align: justify;\">Por su parte, el trabajador C\u00e9sar Castillo dijo que \u201cese d\u00eda record\u00e9 los inicios de Fontur, con 25 a\u00f1os en la Fundaci\u00f3n y me di cuenta que existen talentos ocultos y en la bienvenida a la navidad, salieron al descubierto\u201d.<\/p>\n<p style=\"text-align: justify;\">\u00a1Fontur en la Calle!<\/p>\n\n\t\t<style type=\"text\/css\">\n\t\t\t#gallery-1 {\n\t\t\t\tmargin: auto;\n\t\t\t}\n\t\t\t#gallery-1 .gallery-item {\n\t\t\t\tfloat: left;\n\t\t\t\tmargin-top: 10px;\n\t\t\t\ttext-align: center;\n\t\t\t\twidth: 25%;\n\t\t\t}\n\t\t\t#gallery-1 img {\n\t\t\t\tborder: 2px solid #cfcfcf;\n\t\t\t}\n\t\t\t#gallery-1 .gallery-caption {\n\t\t\t\tmargin-left: 0;\n\t\t\t}\n\t\t\t\/* see gallery_shortcode() in wp-includes\/media.php *\/\n\t\t<\/style>\n\t\t<div id='gallery-1' class='gallery galleryid-8554 gallery-columns-4 gallery-size-thumbnail'><dl class='gallery-item'>\n\t\t\t<dt class='gallery-icon landscape'>\n\t\t\t\t<a href='http:\/\/www.fontur.gob.ve\/?attachment_id=8561#main'><img loading=\"lazy\" decoding=\"async\" width=\"150\" height=\"150\" src=\"http:\/\/www.fontur.gob.ve\/wp-content\/uploads\/2024\/10\/photo_2024-10-14_15-15-58-150x150.jpg\" class=\"attachment-thumbnail size-thumbnail\" alt=\"\" \/><\/a>\n\t\t\t<\/dt><\/dl><dl class='gallery-item'>\n\t\t\t<dt class='gallery-icon landscape'>\n\t\t\t\t<a href='http:\/\/www.fontur.gob.ve\/?attachment_id=8562#main'><img loading=\"lazy\" decoding=\"async\" width=\"150\" height=\"150\" src=\"http:\/\/www.fontur.gob.ve\/wp-content\/uploads\/2024\/10\/photo_2024-10-14_15-16-04-1-150x150.jpg\" class=\"attachment-thumbnail size-thumbnail\" alt=\"\" \/><\/a>\n\t\t\t<\/dt><\/dl><dl class='gallery-item'>\n\t\t\t<dt class='gallery-icon portrait'>\n\t\t\t\t<a href='http:\/\/www.fontur.gob.ve\/?attachment_id=8987#main'><img loading=\"lazy\" decoding=\"async\" width=\"150\" height=\"150\" src=\"http:\/\/www.fontur.gob.ve\/wp-content\/uploads\/2024\/10\/photo_2024-10-15_20-51-44-150x150.jpg\" class=\"attachment-thumbnail size-thumbnail\" alt=\"\" \/><\/a>\n\t\t\t<\/dt><\/dl><dl class='gallery-item'>\n\t\t\t<dt class='gallery-icon portrait'>\n\t\t\t\t<a href='http:\/\/www.fontur.gob.ve\/?attachment_id=8988#main'><img loading=\"lazy\" decoding=\"async\" width=\"150\" height=\"150\" src=\"http:\/\/www.fontur.gob.ve\/wp-content\/uploads\/2024\/10\/photo_2024-10-15_20-51-52-150x150.jpg\" class=\"attachment-thumbnail size-thumbnail\" alt=\"\" \/><\/a>\n\t\t\t<\/dt><\/dl><br style=\"clear: both\" \/>\n\t\t<\/div>\n\n","protected":false},"excerpt":{"rendered":"<p>Caracas, 04\/10\/2024.- Este viernes 4 de octubre, fue transmitido para toda Venezuela, el programa 51 de Fontur en la Calle. Programaci\u00f3n que tiene como objetivo informar avances, logros y todo <a class=\"more-link\" href=\"http:\/\/www.fontur.gob.ve\/?p=8554\">Leer M\u00e1s \u2192<\/a><\/p>\n","protected":false},"author":4,"featured_media":8991,"comment_status":"closed","ping_status":"closed","sticky":false,"template":"","format":"standard","meta":{"ngg_post_thumbnail":0,"footnotes":""},"categories":[5],"tags":[],"class_list":["post-8554","post","type-post","status-publish","format-standard","has-post-thumbnail","hentry","category-noticias"],"_links":{"self":[{"href":"http:\/\/www.fontur.gob.ve\/index.php?rest_route=\/wp\/v2\/posts\/8554","targetHints":{"allow":["GET"]}}],"collection":[{"href":"http:\/\/www.fontur.gob.ve\/index.php?rest_route=\/wp\/v2\/posts"}],"about":[{"href":"http:\/\/www.fontur.gob.ve\/index.php?rest_route=\/wp\/v2\/types\/post"}],"author":[{"embeddable":true,"href":"http:\/\/www.fontur.gob.ve\/index.php?rest_route=\/wp\/v2\/users\/4"}],"replies":[{"embeddable":true,"href":"http:\/\/www.fontur.gob.ve\/index.php?rest_route=%2Fwp%2Fv2%2Fcomments&post=8554"}],"version-history":[{"count":1,"href":"http:\/\/www.fontur.gob.ve\/index.php?rest_route=\/wp\/v2\/posts\/8554\/revisions"}],"predecessor-version":[{"id":8992,"href":"http:\/\/www.fontur.gob.ve\/index.php?rest_route=\/wp\/v2\/posts\/8554\/revisions\/8992"}],"wp:featuredmedia":[{"embeddable":true,"href":"http:\/\/www.fontur.gob.ve\/index.php?rest_route=\/wp\/v2\/media\/8991"}],"wp:attachment":[{"href":"http:\/\/www.fontur.gob.ve\/index.php?rest_route=%2Fwp%2Fv2%2Fmedia&parent=8554"}],"wp:term":[{"taxonomy":"category","embeddable":true,"href":"http:\/\/www.fontur.gob.ve\/index.php?rest_route=%2Fwp%2Fv2%2Fcategories&post=8554"},{"taxonomy":"post_tag","embeddable":true,"href":"http:\/\/www.fontur.gob.ve\/index.php?rest_route=%2Fwp%2Fv2%2Ftags&post=8554"}],"curies":[{"name":"wp","href":"https:\/\/api.w.org\/{rel}","templated":true}]}}