{"id":16482,"date":"2026-04-16T09:40:56","date_gmt":"2026-04-16T15:40:56","guid":{"rendered":"http:\/\/www.fontur.gob.ve\/?p=16482"},"modified":"2026-04-16T09:51:38","modified_gmt":"2026-04-16T15:51:38","slug":"ministerio-del-poder-popular-para-el-transporte-instruye-a-fontur-se-ocupan-en-proveer-insumos-a-transportistas-del-pais","status":"publish","type":"post","link":"http:\/\/www.fontur.gob.ve\/?p=16482","title":{"rendered":"Ministerio de Transporte instruye a Fontur proveer insumos a transportistas del pa\u00eds"},"content":{"rendered":"<p style=\"text-align: justify;\">En una mesa de trabajo celebrada en el Ministerio del Poder Popular para el Transporte, el viceministro Claudio Far\u00edas evalu\u00f3 estrategias junto a fabricantes e importadores con el objetivo de facilitar el acceso a repuestos mediante esquemas de financiamiento con cr\u00e9ditos de 60 d\u00edas.<\/p>\n<p style=\"text-align: justify;\">\u200bEn representaci\u00f3n de nuestra instituci\u00f3n, el encuentro cont\u00f3 con la participaci\u00f3n de la vicepresidenta de la Fundaci\u00f3n, Mirla Castellanos.<\/p>\n<p style=\"text-align: justify;\">\u200bEsta iniciativa, que ser\u00e1 coordinada a trav\u00e9s de FONTUR, busca garantizar que los transportistas cuenten con los insumos necesarios para mantener sus unidades operativas, fortaleciendo as\u00ed la movilidad en todo el territorio nacional.<\/p>\n\n\t\t<style type=\"text\/css\">\n\t\t\t#gallery-1 {\n\t\t\t\tmargin: auto;\n\t\t\t}\n\t\t\t#gallery-1 .gallery-item {\n\t\t\t\tfloat: left;\n\t\t\t\tmargin-top: 10px;\n\t\t\t\ttext-align: center;\n\t\t\t\twidth: 33%;\n\t\t\t}\n\t\t\t#gallery-1 img {\n\t\t\t\tborder: 2px solid #cfcfcf;\n\t\t\t}\n\t\t\t#gallery-1 .gallery-caption {\n\t\t\t\tmargin-left: 0;\n\t\t\t}\n\t\t\t\/* see gallery_shortcode() in wp-includes\/media.php *\/\n\t\t<\/style>\n\t\t<div id='gallery-1' class='gallery galleryid-16482 gallery-columns-3 gallery-size-thumbnail'><dl class='gallery-item'>\n\t\t\t<dt class='gallery-icon landscape'>\n\t\t\t\t<a href='http:\/\/www.fontur.gob.ve\/?attachment_id=16483#main'><img loading=\"lazy\" decoding=\"async\" width=\"150\" height=\"150\" src=\"http:\/\/www.fontur.gob.ve\/wp-content\/uploads\/2026\/04\/WhatsApp-Image-2026-04-16-at-10.14.38-AM-1-150x150.jpeg\" class=\"attachment-thumbnail size-thumbnail\" alt=\"\" \/><\/a>\n\t\t\t<\/dt><\/dl><dl class='gallery-item'>\n\t\t\t<dt class='gallery-icon landscape'>\n\t\t\t\t<a href='http:\/\/www.fontur.gob.ve\/?attachment_id=16484#main'><img loading=\"lazy\" decoding=\"async\" width=\"150\" height=\"150\" src=\"http:\/\/www.fontur.gob.ve\/wp-content\/uploads\/2026\/04\/WhatsApp-Image-2026-04-16-at-10.14.38-AM-150x150.jpeg\" class=\"attachment-thumbnail size-thumbnail\" alt=\"\" \/><\/a>\n\t\t\t<\/dt><\/dl><dl class='gallery-item'>\n\t\t\t<dt class='gallery-icon landscape'>\n\t\t\t\t<a href='http:\/\/www.fontur.gob.ve\/?attachment_id=16485#main'><img loading=\"lazy\" decoding=\"async\" width=\"150\" height=\"150\" src=\"http:\/\/www.fontur.gob.ve\/wp-content\/uploads\/2026\/04\/WhatsApp-Image-2026-04-16-at-10.14.39-AM-1-150x150.jpeg\" class=\"attachment-thumbnail size-thumbnail\" alt=\"\" \/><\/a>\n\t\t\t<\/dt><\/dl><br style=\"clear: both\" \/>\n\t\t<\/div>\n\n","protected":false},"excerpt":{"rendered":"<p>En una mesa de trabajo celebrada en el Ministerio del Poder Popular para el Transporte, el viceministro Claudio Far\u00edas evalu\u00f3 estrategias junto a fabricantes e importadores con el objetivo de <a class=\"more-link\" href=\"http:\/\/www.fontur.gob.ve\/?p=16482\">Leer M\u00e1s \u2192<\/a><\/p>\n","protected":false},"author":4,"featured_media":16486,"comment_status":"closed","ping_status":"closed","sticky":false,"template":"","format":"standard","meta":{"ngg_post_thumbnail":0,"footnotes":""},"categories":[5],"tags":[],"class_list":["post-16482","post","type-post","status-publish","format-standard","has-post-thumbnail","hentry","category-noticias"],"_links":{"self":[{"href":"http:\/\/www.fontur.gob.ve\/index.php?rest_route=\/wp\/v2\/posts\/16482","targetHints":{"allow":["GET"]}}],"collection":[{"href":"http:\/\/www.fontur.gob.ve\/index.php?rest_route=\/wp\/v2\/posts"}],"about":[{"href":"http:\/\/www.fontur.gob.ve\/index.php?rest_route=\/wp\/v2\/types\/post"}],"author":[{"embeddable":true,"href":"http:\/\/www.fontur.gob.ve\/index.php?rest_route=\/wp\/v2\/users\/4"}],"replies":[{"embeddable":true,"href":"http:\/\/www.fontur.gob.ve\/index.php?rest_route=%2Fwp%2Fv2%2Fcomments&post=16482"}],"version-history":[{"count":2,"href":"http:\/\/www.fontur.gob.ve\/index.php?rest_route=\/wp\/v2\/posts\/16482\/revisions"}],"predecessor-version":[{"id":16488,"href":"http:\/\/www.fontur.gob.ve\/index.php?rest_route=\/wp\/v2\/posts\/16482\/revisions\/16488"}],"wp:featuredmedia":[{"embeddable":true,"href":"http:\/\/www.fontur.gob.ve\/index.php?rest_route=\/wp\/v2\/media\/16486"}],"wp:attachment":[{"href":"http:\/\/www.fontur.gob.ve\/index.php?rest_route=%2Fwp%2Fv2%2Fmedia&parent=16482"}],"wp:term":[{"taxonomy":"category","embeddable":true,"href":"http:\/\/www.fontur.gob.ve\/index.php?rest_route=%2Fwp%2Fv2%2Fcategories&post=16482"},{"taxonomy":"post_tag","embeddable":true,"href":"http:\/\/www.fontur.gob.ve\/index.php?rest_route=%2Fwp%2Fv2%2Ftags&post=16482"}],"curies":[{"name":"wp","href":"https:\/\/api.w.org\/{rel}","templated":true}]}}