{"id":16402,"date":"2026-03-12T13:55:38","date_gmt":"2026-03-12T19:55:38","guid":{"rendered":"http:\/\/www.fontur.gob.ve\/?p=16402"},"modified":"2026-03-12T13:55:38","modified_gmt":"2026-03-12T19:55:38","slug":"primera-mesa-de-combustible-se-realizo-en-fontur","status":"publish","type":"post","link":"http:\/\/www.fontur.gob.ve\/?p=16402","title":{"rendered":"Primera \u00abMesa de Combustible\u00bb se realiz\u00f3 en Fontur"},"content":{"rendered":"<p style=\"text-align: justify;\">Siguiendo lineamientos de la Presidenta (E), Delcy Rodr\u00edguez y del Ministro del Poder Popular para el Transporte, el V\/A An\u00edbal Coronado, se llev\u00f3 a cabo la primera de seis \u00abMesas de Combustible\u00bb, este mi\u00e9rcoles 11 de marzo.<\/p>\n<p style=\"text-align: justify;\">Encabezada por el Presidente de la Fundaci\u00f3n Fondo Nacional de Transporte Urbano, Guillermo Eloy Sulbar\u00e1n Castillo, llev\u00f3 a cabo la primera \u00abMesa de Combustible\u00bb con los principales representantes del \u00d3rgano Superior de Transporte en el \u00e1mbito nacional.<\/p>\n<p style=\"text-align: justify;\">La reuni\u00f3n se llev\u00f3 a cabo en horas de la tarde, en Presidencia de Fontur (piso uno), d\u00f3nde los asistentes, trataron temas de inter\u00e9s en aras de fortalecer los di\u00e1logos en las \u00abMesas de Combustible\u00bb, con el fin de beneficiar a los transportistas del territorio nacional.<\/p>\n<p style=\"text-align: justify;\">Guillermo Eloy Sulbar\u00e1n Castillo, inst\u00f3 a que \u00abTodo el personal que conforme las mesas, debe estar capacitado. En ellas dialogaremos, aclararemos puntos y expondremos soluciones\u00bb.<\/p>\n<p style=\"text-align: justify;\">\u00abTenemos que ser conscientes y lograr estabilizar que, en cada uno de los estados, el sector transporte equipe las unidades de transporte con combustible equitativamente\u00bb, enfatiz\u00f3 Sulbar\u00e1n Castillo.<\/p>\n<p style=\"text-align: justify;\">Entre los asistentes, que asistieron a la primera Mesa de trabajo, fueron representantes de: Fudetrans, Sinbom, Sirndetransb, Fuerza Bolivariana de Taxistas, CS Transporte, MBSPTV, entre otros.<\/p>\n<p style=\"text-align: justify;\">\u00a1Nosotros Venceremos!.<\/p>\n\n\t\t<style type=\"text\/css\">\n\t\t\t#gallery-1 {\n\t\t\t\tmargin: auto;\n\t\t\t}\n\t\t\t#gallery-1 .gallery-item {\n\t\t\t\tfloat: left;\n\t\t\t\tmargin-top: 10px;\n\t\t\t\ttext-align: center;\n\t\t\t\twidth: 12%;\n\t\t\t}\n\t\t\t#gallery-1 img {\n\t\t\t\tborder: 2px solid #cfcfcf;\n\t\t\t}\n\t\t\t#gallery-1 .gallery-caption {\n\t\t\t\tmargin-left: 0;\n\t\t\t}\n\t\t\t\/* see gallery_shortcode() in wp-includes\/media.php *\/\n\t\t<\/style>\n\t\t<div id='gallery-1' class='gallery galleryid-16402 gallery-columns-8 gallery-size-thumbnail'><dl class='gallery-item'>\n\t\t\t<dt class='gallery-icon landscape'>\n\t\t\t\t<a href='http:\/\/www.fontur.gob.ve\/?attachment_id=16403#main'><img loading=\"lazy\" decoding=\"async\" width=\"150\" height=\"150\" src=\"http:\/\/www.fontur.gob.ve\/wp-content\/uploads\/2026\/03\/photo_2_2026-03-12_12-16-55-150x150.jpg\" class=\"attachment-thumbnail size-thumbnail\" alt=\"\" \/><\/a>\n\t\t\t<\/dt><\/dl><dl class='gallery-item'>\n\t\t\t<dt class='gallery-icon landscape'>\n\t\t\t\t<a href='http:\/\/www.fontur.gob.ve\/?attachment_id=16404#main'><img loading=\"lazy\" decoding=\"async\" width=\"150\" height=\"150\" src=\"http:\/\/www.fontur.gob.ve\/wp-content\/uploads\/2026\/03\/photo_3_2026-03-12_12-16-55-150x150.jpg\" class=\"attachment-thumbnail size-thumbnail\" alt=\"\" \/><\/a>\n\t\t\t<\/dt><\/dl><dl class='gallery-item'>\n\t\t\t<dt class='gallery-icon landscape'>\n\t\t\t\t<a href='http:\/\/www.fontur.gob.ve\/?attachment_id=16405#main'><img loading=\"lazy\" decoding=\"async\" width=\"150\" height=\"150\" src=\"http:\/\/www.fontur.gob.ve\/wp-content\/uploads\/2026\/03\/photo_4_2026-03-12_12-16-55-150x150.jpg\" class=\"attachment-thumbnail size-thumbnail\" alt=\"\" \/><\/a>\n\t\t\t<\/dt><\/dl><dl class='gallery-item'>\n\t\t\t<dt class='gallery-icon landscape'>\n\t\t\t\t<a href='http:\/\/www.fontur.gob.ve\/?attachment_id=16406#main'><img loading=\"lazy\" decoding=\"async\" width=\"150\" height=\"150\" src=\"http:\/\/www.fontur.gob.ve\/wp-content\/uploads\/2026\/03\/photo_5_2026-03-12_12-16-55-150x150.jpg\" class=\"attachment-thumbnail size-thumbnail\" alt=\"\" \/><\/a>\n\t\t\t<\/dt><\/dl><dl class='gallery-item'>\n\t\t\t<dt class='gallery-icon landscape'>\n\t\t\t\t<a href='http:\/\/www.fontur.gob.ve\/?attachment_id=16407#main'><img loading=\"lazy\" decoding=\"async\" width=\"150\" height=\"150\" src=\"http:\/\/www.fontur.gob.ve\/wp-content\/uploads\/2026\/03\/photo_6_2026-03-12_12-16-55-150x150.jpg\" class=\"attachment-thumbnail size-thumbnail\" alt=\"\" \/><\/a>\n\t\t\t<\/dt><\/dl><dl class='gallery-item'>\n\t\t\t<dt class='gallery-icon landscape'>\n\t\t\t\t<a href='http:\/\/www.fontur.gob.ve\/?attachment_id=16408#main'><img loading=\"lazy\" decoding=\"async\" width=\"150\" height=\"150\" src=\"http:\/\/www.fontur.gob.ve\/wp-content\/uploads\/2026\/03\/photo_7_2026-03-12_12-16-55-150x150.jpg\" class=\"attachment-thumbnail size-thumbnail\" alt=\"\" \/><\/a>\n\t\t\t<\/dt><\/dl><dl class='gallery-item'>\n\t\t\t<dt class='gallery-icon landscape'>\n\t\t\t\t<a href='http:\/\/www.fontur.gob.ve\/?attachment_id=16409#main'><img loading=\"lazy\" decoding=\"async\" width=\"150\" height=\"150\" src=\"http:\/\/www.fontur.gob.ve\/wp-content\/uploads\/2026\/03\/photo_9_2026-03-12_12-16-55-150x150.jpg\" class=\"attachment-thumbnail size-thumbnail\" alt=\"\" \/><\/a>\n\t\t\t<\/dt><\/dl><dl class='gallery-item'>\n\t\t\t<dt class='gallery-icon landscape'>\n\t\t\t\t<a href='http:\/\/www.fontur.gob.ve\/?attachment_id=16410#main'><img loading=\"lazy\" decoding=\"async\" width=\"150\" height=\"150\" src=\"http:\/\/www.fontur.gob.ve\/wp-content\/uploads\/2026\/03\/photo_10_2026-03-12_12-16-55-150x150.jpg\" class=\"attachment-thumbnail size-thumbnail\" alt=\"\" \/><\/a>\n\t\t\t<\/dt><\/dl><br style=\"clear: both\" \/>\n\t\t<\/div>\n\n","protected":false},"excerpt":{"rendered":"<p>Siguiendo lineamientos de la Presidenta (E), Delcy Rodr\u00edguez y del Ministro del Poder Popular para el Transporte, el V\/A An\u00edbal Coronado, se llev\u00f3 a cabo la primera de seis \u00abMesas <a class=\"more-link\" href=\"http:\/\/www.fontur.gob.ve\/?p=16402\">Leer M\u00e1s \u2192<\/a><\/p>\n","protected":false},"author":4,"featured_media":16411,"comment_status":"closed","ping_status":"closed","sticky":false,"template":"","format":"standard","meta":{"ngg_post_thumbnail":0,"footnotes":""},"categories":[4],"tags":[],"class_list":["post-16402","post","type-post","status-publish","format-standard","has-post-thumbnail","hentry","category-destacados"],"_links":{"self":[{"href":"http:\/\/www.fontur.gob.ve\/index.php?rest_route=\/wp\/v2\/posts\/16402","targetHints":{"allow":["GET"]}}],"collection":[{"href":"http:\/\/www.fontur.gob.ve\/index.php?rest_route=\/wp\/v2\/posts"}],"about":[{"href":"http:\/\/www.fontur.gob.ve\/index.php?rest_route=\/wp\/v2\/types\/post"}],"author":[{"embeddable":true,"href":"http:\/\/www.fontur.gob.ve\/index.php?rest_route=\/wp\/v2\/users\/4"}],"replies":[{"embeddable":true,"href":"http:\/\/www.fontur.gob.ve\/index.php?rest_route=%2Fwp%2Fv2%2Fcomments&post=16402"}],"version-history":[{"count":1,"href":"http:\/\/www.fontur.gob.ve\/index.php?rest_route=\/wp\/v2\/posts\/16402\/revisions"}],"predecessor-version":[{"id":16412,"href":"http:\/\/www.fontur.gob.ve\/index.php?rest_route=\/wp\/v2\/posts\/16402\/revisions\/16412"}],"wp:featuredmedia":[{"embeddable":true,"href":"http:\/\/www.fontur.gob.ve\/index.php?rest_route=\/wp\/v2\/media\/16411"}],"wp:attachment":[{"href":"http:\/\/www.fontur.gob.ve\/index.php?rest_route=%2Fwp%2Fv2%2Fmedia&parent=16402"}],"wp:term":[{"taxonomy":"category","embeddable":true,"href":"http:\/\/www.fontur.gob.ve\/index.php?rest_route=%2Fwp%2Fv2%2Fcategories&post=16402"},{"taxonomy":"post_tag","embeddable":true,"href":"http:\/\/www.fontur.gob.ve\/index.php?rest_route=%2Fwp%2Fv2%2Ftags&post=16402"}],"curies":[{"name":"wp","href":"https:\/\/api.w.org\/{rel}","templated":true}]}}