{"id":16386,"date":"2026-03-10T13:27:50","date_gmt":"2026-03-10T19:27:50","guid":{"rendered":"http:\/\/www.fontur.gob.ve\/?p=16386"},"modified":"2026-03-11T09:42:58","modified_gmt":"2026-03-11T15:42:58","slug":"coordinadores-territoriales-de-fontur-sostuvieron-la-primera-reunion-del-2026","status":"publish","type":"post","link":"http:\/\/www.fontur.gob.ve\/?p=16386","title":{"rendered":"Coordinadores Territoriales de Fontur sostuvieron la primera reuni\u00f3n del 2026"},"content":{"rendered":"<p style=\"text-align: justify;\">Este jueves 5 de marzo, se realiz\u00f3 la primera reuni\u00f3n del a\u00f1o entre el Presidente Ejecutivo de la Fundaci\u00f3n Fondo Nacional de Transporte Urbano, Guillermo Eloy Sulbar\u00e1n Castillo, y los Coordinadores Territoriales de Fontur en el \u00e1mbito nacional.<\/p>\n<p style=\"text-align: justify;\">El Presidente Guillermo Eloy Sulbar\u00e1n Castillo hizo acto de presencia en la reuni\u00f3n saludando a los presentes y arranc\u00f3 diciendo: \u201corgulloso de ser Transportista\u201d.<br \/>\nSulbar\u00e1n exhort\u00f3 a los Coordinadores a sincerar el censo realizado al sector transporte que se hace a trav\u00e9s de la plataforma Patria. \u00abDeseo hacer un censo real en mi gesti\u00f3n, el que quiera trabajar a mi lado, adelante\u00bb, enfatiz\u00f3.<\/p>\n<p style=\"text-align: justify;\">El encuentro tuvo lugar en el primer piso de la Fundaci\u00f3n, a partir de las 9:00 am arranc\u00f3 presentando a Ang\u00e9lica Atagua, la nueva gerente de T\u00e9cnica Automotriz y tambi\u00e9n Comercializaci\u00f3n y Suministros.<\/p>\n<p style=\"text-align: justify;\">Seguidamente, la Gerente General de la Oficina de Gesti\u00f3n Comunicacional, Eliana Quintero, recalc\u00f3 la importancia de cuidar la imagen de la instituci\u00f3n en todos los \u00e1mbitos. A continuaci\u00f3n, B\u00e9lgica Hern\u00e1ndez, Adjunta a Presidencia, inst\u00f3 a cada Coordinador Territorial a \u00abGestionar de manera inmediata ante cualquier inconvenientes operativos\u00bb, haciendo \u00e9nfasis en la distancia que separa al Distrito Capital de los estados donde Fontur tiene presencia.<\/p>\n<p style=\"text-align: justify;\">Por su parte, Dismar Umbr\u00eda, Gerente General de la Oficina de Coordinaci\u00f3n Territorial, junto con la Gerente General de la Oficina de Atenci\u00f3n al Ciudadano, Yuseth Villanueva, brindaron las directrices necesarias para asegurar un trabajo eficiente semana a semana, mes a mes, con el fin de fortalecer a Fontur.<br \/>\n<img decoding=\"async\" class=\"emoji emoji-small opacity-transition slow shown open\" draggable=\"false\" src=\"https:\/\/web.telegram.org\/a\/img-apple-64\/1f449-1f3fb.png\" alt=\"\ud83d\udc49\ud83c\udffb\" data-path=\".\/img-apple-64\/1f449-1f3fb.png\"><img decoding=\"async\" class=\"emoji emoji-small opacity-transition slow shown open\" draggable=\"false\" src=\"https:\/\/web.telegram.org\/a\/img-apple-64\/270c-1f3fb.png\" alt=\"\u270c\ud83c\udffb\" data-path=\".\/img-apple-64\/270c-1f3fb.png\">\u00a1Nosotros Venceremos!.<\/p>\n\n\t\t<style type=\"text\/css\">\n\t\t\t#gallery-1 {\n\t\t\t\tmargin: auto;\n\t\t\t}\n\t\t\t#gallery-1 .gallery-item {\n\t\t\t\tfloat: left;\n\t\t\t\tmargin-top: 10px;\n\t\t\t\ttext-align: center;\n\t\t\t\twidth: 14%;\n\t\t\t}\n\t\t\t#gallery-1 img {\n\t\t\t\tborder: 2px solid #cfcfcf;\n\t\t\t}\n\t\t\t#gallery-1 .gallery-caption {\n\t\t\t\tmargin-left: 0;\n\t\t\t}\n\t\t\t\/* see gallery_shortcode() in wp-includes\/media.php *\/\n\t\t<\/style>\n\t\t<div id='gallery-1' class='gallery galleryid-16386 gallery-columns-7 gallery-size-thumbnail'><dl class='gallery-item'>\n\t\t\t<dt class='gallery-icon landscape'>\n\t\t\t\t<a href='http:\/\/www.fontur.gob.ve\/?attachment_id=16387#main'><img loading=\"lazy\" decoding=\"async\" width=\"150\" height=\"150\" src=\"http:\/\/www.fontur.gob.ve\/wp-content\/uploads\/2026\/03\/photo_2026-03-10_15-02-35-150x150.jpg\" class=\"attachment-thumbnail size-thumbnail\" alt=\"\" \/><\/a>\n\t\t\t<\/dt><\/dl><dl class='gallery-item'>\n\t\t\t<dt class='gallery-icon landscape'>\n\t\t\t\t<a href='http:\/\/www.fontur.gob.ve\/?attachment_id=16388#main'><img loading=\"lazy\" decoding=\"async\" width=\"150\" height=\"150\" src=\"http:\/\/www.fontur.gob.ve\/wp-content\/uploads\/2026\/03\/photo_2026-03-10_15-04-16-150x150.jpg\" class=\"attachment-thumbnail size-thumbnail\" alt=\"\" \/><\/a>\n\t\t\t<\/dt><\/dl><dl class='gallery-item'>\n\t\t\t<dt class='gallery-icon landscape'>\n\t\t\t\t<a href='http:\/\/www.fontur.gob.ve\/?attachment_id=16389#main'><img loading=\"lazy\" decoding=\"async\" width=\"150\" height=\"150\" src=\"http:\/\/www.fontur.gob.ve\/wp-content\/uploads\/2026\/03\/photo_2026-03-10_15-07-09-150x150.jpg\" class=\"attachment-thumbnail size-thumbnail\" alt=\"\" \/><\/a>\n\t\t\t<\/dt><\/dl><dl class='gallery-item'>\n\t\t\t<dt class='gallery-icon landscape'>\n\t\t\t\t<a href='http:\/\/www.fontur.gob.ve\/?attachment_id=16390#main'><img loading=\"lazy\" decoding=\"async\" width=\"150\" height=\"150\" src=\"http:\/\/www.fontur.gob.ve\/wp-content\/uploads\/2026\/03\/photo_2026-03-10_15-07-12-150x150.jpg\" class=\"attachment-thumbnail size-thumbnail\" alt=\"\" \/><\/a>\n\t\t\t<\/dt><\/dl><dl class='gallery-item'>\n\t\t\t<dt class='gallery-icon landscape'>\n\t\t\t\t<a href='http:\/\/www.fontur.gob.ve\/?attachment_id=16391#main'><img loading=\"lazy\" decoding=\"async\" width=\"150\" height=\"150\" src=\"http:\/\/www.fontur.gob.ve\/wp-content\/uploads\/2026\/03\/photo_2026-03-10_15-07-16-150x150.jpg\" class=\"attachment-thumbnail size-thumbnail\" alt=\"\" \/><\/a>\n\t\t\t<\/dt><\/dl><dl class='gallery-item'>\n\t\t\t<dt class='gallery-icon landscape'>\n\t\t\t\t<a href='http:\/\/www.fontur.gob.ve\/?attachment_id=16392#main'><img loading=\"lazy\" decoding=\"async\" width=\"150\" height=\"150\" src=\"http:\/\/www.fontur.gob.ve\/wp-content\/uploads\/2026\/03\/photo_2026-03-10_15-07-45-150x150.jpg\" class=\"attachment-thumbnail size-thumbnail\" alt=\"\" \/><\/a>\n\t\t\t<\/dt><\/dl><dl class='gallery-item'>\n\t\t\t<dt class='gallery-icon landscape'>\n\t\t\t\t<a href='http:\/\/www.fontur.gob.ve\/?attachment_id=16393#main'><img loading=\"lazy\" decoding=\"async\" width=\"150\" height=\"150\" src=\"http:\/\/www.fontur.gob.ve\/wp-content\/uploads\/2026\/03\/photo_2026-03-10_15-07-53-150x150.jpg\" class=\"attachment-thumbnail size-thumbnail\" alt=\"\" \/><\/a>\n\t\t\t<\/dt><\/dl><br style=\"clear: both\" \/>\n\t\t<\/div>\n\n","protected":false},"excerpt":{"rendered":"<p>Este jueves 5 de marzo, se realiz\u00f3 la primera reuni\u00f3n del a\u00f1o entre el Presidente Ejecutivo de la Fundaci\u00f3n Fondo Nacional de Transporte Urbano, Guillermo Eloy Sulbar\u00e1n Castillo, y los <a class=\"more-link\" href=\"http:\/\/www.fontur.gob.ve\/?p=16386\">Leer M\u00e1s \u2192<\/a><\/p>\n","protected":false},"author":4,"featured_media":16401,"comment_status":"closed","ping_status":"closed","sticky":false,"template":"","format":"standard","meta":{"ngg_post_thumbnail":0,"footnotes":""},"categories":[4],"tags":[],"class_list":["post-16386","post","type-post","status-publish","format-standard","has-post-thumbnail","hentry","category-destacados"],"_links":{"self":[{"href":"http:\/\/www.fontur.gob.ve\/index.php?rest_route=\/wp\/v2\/posts\/16386","targetHints":{"allow":["GET"]}}],"collection":[{"href":"http:\/\/www.fontur.gob.ve\/index.php?rest_route=\/wp\/v2\/posts"}],"about":[{"href":"http:\/\/www.fontur.gob.ve\/index.php?rest_route=\/wp\/v2\/types\/post"}],"author":[{"embeddable":true,"href":"http:\/\/www.fontur.gob.ve\/index.php?rest_route=\/wp\/v2\/users\/4"}],"replies":[{"embeddable":true,"href":"http:\/\/www.fontur.gob.ve\/index.php?rest_route=%2Fwp%2Fv2%2Fcomments&post=16386"}],"version-history":[{"count":1,"href":"http:\/\/www.fontur.gob.ve\/index.php?rest_route=\/wp\/v2\/posts\/16386\/revisions"}],"predecessor-version":[{"id":16394,"href":"http:\/\/www.fontur.gob.ve\/index.php?rest_route=\/wp\/v2\/posts\/16386\/revisions\/16394"}],"wp:featuredmedia":[{"embeddable":true,"href":"http:\/\/www.fontur.gob.ve\/index.php?rest_route=\/wp\/v2\/media\/16401"}],"wp:attachment":[{"href":"http:\/\/www.fontur.gob.ve\/index.php?rest_route=%2Fwp%2Fv2%2Fmedia&parent=16386"}],"wp:term":[{"taxonomy":"category","embeddable":true,"href":"http:\/\/www.fontur.gob.ve\/index.php?rest_route=%2Fwp%2Fv2%2Fcategories&post=16386"},{"taxonomy":"post_tag","embeddable":true,"href":"http:\/\/www.fontur.gob.ve\/index.php?rest_route=%2Fwp%2Fv2%2Ftags&post=16386"}],"curies":[{"name":"wp","href":"https:\/\/api.w.org\/{rel}","templated":true}]}}