{"id":16383,"date":"2026-03-10T13:18:16","date_gmt":"2026-03-10T19:18:16","guid":{"rendered":"http:\/\/www.fontur.gob.ve\/?p=16383"},"modified":"2026-03-10T13:18:16","modified_gmt":"2026-03-10T19:18:16","slug":"trabajadores-de-fontur-participan-en-la-concentracion-en-rechazo-del-secuestro-de-nicolas-maduro-y-cilia-flores","status":"publish","type":"post","link":"http:\/\/www.fontur.gob.ve\/?p=16383","title":{"rendered":"Trabajadores de Fontur participan en la concentraci\u00f3n en rechazo del secuestro de Nicol\u00e1s Maduro y Cilia Flores"},"content":{"rendered":"<p style=\"text-align: justify;\">Este 3 de marzo, los trabajadores y trabajadoras de Fontur se unieron a la concentraci\u00f3n en la Plaza Bol\u00edvar del Bloque 7, ubicada en la parroquia 23 de Enero, para expresar su rechazo y preocupaci\u00f3n por el secuestro del Presidente Nicol\u00e1s Maduro Moros y la Primera Dama Cilia Flores.<\/p>\n<p style=\"text-align: justify;\">La manifestaci\u00f3n se realiz\u00f3 en el marco del cumplimiento de 60 d\u00edas de la desaparici\u00f3n forzada de ambos l\u00edderes nacionales.<br \/>\nCon consignas de solidaridad, los empleados de Fontur destacaron la importancia de exigir la liberaci\u00f3n inmediata del Presidente y su esposa, y de llamar la atenci\u00f3n internacional sobre la grave situaci\u00f3n que afecta al pa\u00eds.<\/p>\n<p style=\"text-align: justify;\">La concentraci\u00f3n se dio en un ambiente de unidad y con un fuerte mensaje de resistencia frente a las acciones que ponen en peligro la paz y estabilidad de Venezuela.<\/p>\n<p style=\"text-align: justify;\">A trav\u00e9s de su participaci\u00f3n, los trabajadores de Fontur reafirmaron su compromiso con la democracia, los derechos humanos y el apoyo a las autoridades constitucionales del pa\u00eds.<\/p>\n","protected":false},"excerpt":{"rendered":"<p>Este 3 de marzo, los trabajadores y trabajadoras de Fontur se unieron a la concentraci\u00f3n en la Plaza Bol\u00edvar del Bloque 7, ubicada en la parroquia 23 de Enero, para <a class=\"more-link\" href=\"http:\/\/www.fontur.gob.ve\/?p=16383\">Leer M\u00e1s \u2192<\/a><\/p>\n","protected":false},"author":4,"featured_media":16384,"comment_status":"closed","ping_status":"closed","sticky":false,"template":"","format":"standard","meta":{"ngg_post_thumbnail":0,"footnotes":""},"categories":[5],"tags":[],"class_list":["post-16383","post","type-post","status-publish","format-standard","has-post-thumbnail","hentry","category-noticias"],"_links":{"self":[{"href":"http:\/\/www.fontur.gob.ve\/index.php?rest_route=\/wp\/v2\/posts\/16383","targetHints":{"allow":["GET"]}}],"collection":[{"href":"http:\/\/www.fontur.gob.ve\/index.php?rest_route=\/wp\/v2\/posts"}],"about":[{"href":"http:\/\/www.fontur.gob.ve\/index.php?rest_route=\/wp\/v2\/types\/post"}],"author":[{"embeddable":true,"href":"http:\/\/www.fontur.gob.ve\/index.php?rest_route=\/wp\/v2\/users\/4"}],"replies":[{"embeddable":true,"href":"http:\/\/www.fontur.gob.ve\/index.php?rest_route=%2Fwp%2Fv2%2Fcomments&post=16383"}],"version-history":[{"count":1,"href":"http:\/\/www.fontur.gob.ve\/index.php?rest_route=\/wp\/v2\/posts\/16383\/revisions"}],"predecessor-version":[{"id":16385,"href":"http:\/\/www.fontur.gob.ve\/index.php?rest_route=\/wp\/v2\/posts\/16383\/revisions\/16385"}],"wp:featuredmedia":[{"embeddable":true,"href":"http:\/\/www.fontur.gob.ve\/index.php?rest_route=\/wp\/v2\/media\/16384"}],"wp:attachment":[{"href":"http:\/\/www.fontur.gob.ve\/index.php?rest_route=%2Fwp%2Fv2%2Fmedia&parent=16383"}],"wp:term":[{"taxonomy":"category","embeddable":true,"href":"http:\/\/www.fontur.gob.ve\/index.php?rest_route=%2Fwp%2Fv2%2Fcategories&post=16383"},{"taxonomy":"post_tag","embeddable":true,"href":"http:\/\/www.fontur.gob.ve\/index.php?rest_route=%2Fwp%2Fv2%2Ftags&post=16383"}],"curies":[{"name":"wp","href":"https:\/\/api.w.org\/{rel}","templated":true}]}}