{"id":16370,"date":"2026-03-06T14:03:37","date_gmt":"2026-03-06T20:03:37","guid":{"rendered":"http:\/\/www.fontur.gob.ve\/?p=16370"},"modified":"2026-03-06T14:03:37","modified_gmt":"2026-03-06T20:03:37","slug":"fontur-en-la-calle-todos-a-votar-este-domingo-en-la-consulta-nacional-poular","status":"publish","type":"post","link":"http:\/\/www.fontur.gob.ve\/?p=16370","title":{"rendered":"Fontur en la Calle: Todos a votar este domingo en la Consulta Nacional Poular"},"content":{"rendered":"<p style=\"text-align: justify;\">En su programa de radio transmitido por la emisora YVKE Mundial, Fontur en la Calle (n\u00famero 103), el Presidente Ejecutivo de Fontur, Guillermo Eloy Sulbar\u00e1n Castillo, hizo un llamado este viernes 6 de marzo a todos los venezolanos a participar activamente en los comicios del domingo 8 de marzo, que se celebrar\u00e1n en todo el territorio nacional.<\/p>\n<p style=\"text-align: justify;\">\u00abEste 8 de marzo, adem\u00e1s de ser un d\u00eda para conmemorar a la mujer, ser\u00e1 una jornada en la que saldremos a votar masivamente. Ser\u00e1 una demostraci\u00f3n de la voluntad popular y del apoyo continuo a la Revoluci\u00f3n Bolivariana\u00bb, destac\u00f3 Sulbar\u00e1n Castillo.<\/p>\n<p style=\"text-align: justify;\">Asimismo, reiter\u00f3 su respaldo al presidente de la Rep\u00fablica, Nicol\u00e1s Maduro, y a la primera dama Cilia Flores, quienes siguen siendo v\u00edctimas de secuestro por parte del imperio estadounidense.<\/p>\n<p style=\"text-align: justify;\">\u00abHay quienes intentan distorsionar la verdad, pero seguimos firmes en nuestra lealtad al comandante Maduro. Estamos trabajando diplom\u00e1ticamente para su retorno. Los queremos de vuelta\u00bb, enfatiz\u00f3.<\/p>\n<p style=\"text-align: justify;\">En otro orden de ideas, el Presidente de Fontur resalt\u00f3 la importancia de la fecha, dado que se celebra el D\u00eda Internacional de la Mujer, y aprovech\u00f3 para agradecer la labor de las funcionarias de Fontur, quienes han sido claves en el impulso del sector transporte.<\/p>\n<p style=\"text-align: justify;\">Durante la transmisi\u00f3n, Aura Matute, Coordinadora Territorial de Fontur en el estado M\u00e9rida, destac\u00f3 el papel de la mujer en la instituci\u00f3n. \u00abFontur dignifica a las mujeres. Estamos comprometidas con las comunidades y con las votaciones de este domingo\u00bb, se\u00f1al\u00f3 Matute, quien tambi\u00e9n comparti\u00f3 su experiencia en la coordinaci\u00f3n de M\u00e9rida: \u00abMis vivencias con la instituci\u00f3n han sido muy emotivas y gratificantes. Cuento con un equipo de trabajo excepcional\u00bb.<\/p>\n<p style=\"text-align: justify;\">Por su parte, Osmary Garc\u00eda, Coordinadora Territorial de Fontur en el estado Nueva Esparta, subray\u00f3 la responsabilidad y m\u00edstica que implica su cargo. \u00abEstoy muy satisfecha con este trabajo. Gracias a Dios por ponerme aqu\u00ed. El sector transporte ha evolucionado positivamente y estamos comprometidos en seguir beneficiando a los transportistas\u00bb, afirm\u00f3 Garc\u00eda.<\/p>\n\n\t\t<style type=\"text\/css\">\n\t\t\t#gallery-1 {\n\t\t\t\tmargin: auto;\n\t\t\t}\n\t\t\t#gallery-1 .gallery-item {\n\t\t\t\tfloat: left;\n\t\t\t\tmargin-top: 10px;\n\t\t\t\ttext-align: center;\n\t\t\t\twidth: 25%;\n\t\t\t}\n\t\t\t#gallery-1 img {\n\t\t\t\tborder: 2px solid #cfcfcf;\n\t\t\t}\n\t\t\t#gallery-1 .gallery-caption {\n\t\t\t\tmargin-left: 0;\n\t\t\t}\n\t\t\t\/* see gallery_shortcode() in wp-includes\/media.php *\/\n\t\t<\/style>\n\t\t<div id='gallery-1' class='gallery galleryid-16370 gallery-columns-4 gallery-size-thumbnail'><dl class='gallery-item'>\n\t\t\t<dt class='gallery-icon portrait'>\n\t\t\t\t<a href='http:\/\/www.fontur.gob.ve\/?attachment_id=16373#main'><img loading=\"lazy\" decoding=\"async\" width=\"150\" height=\"150\" src=\"http:\/\/www.fontur.gob.ve\/wp-content\/uploads\/2026\/03\/photo_2026-03-06_10-09-01-150x150.jpg\" class=\"attachment-thumbnail size-thumbnail\" alt=\"\" \/><\/a>\n\t\t\t<\/dt><\/dl><dl class='gallery-item'>\n\t\t\t<dt class='gallery-icon landscape'>\n\t\t\t\t<a href='http:\/\/www.fontur.gob.ve\/?attachment_id=16372#main'><img loading=\"lazy\" decoding=\"async\" width=\"150\" height=\"150\" src=\"http:\/\/www.fontur.gob.ve\/wp-content\/uploads\/2026\/03\/photo_2026-03-03_09-36-15-150x150.jpg\" class=\"attachment-thumbnail size-thumbnail\" alt=\"\" \/><\/a>\n\t\t\t<\/dt><\/dl><dl class='gallery-item'>\n\t\t\t<dt class='gallery-icon landscape'>\n\t\t\t\t<a href='http:\/\/www.fontur.gob.ve\/?attachment_id=16374#main'><img loading=\"lazy\" decoding=\"async\" width=\"150\" height=\"150\" src=\"http:\/\/www.fontur.gob.ve\/wp-content\/uploads\/2026\/03\/photo_2026-03-06_10-09-07-150x150.jpg\" class=\"attachment-thumbnail size-thumbnail\" alt=\"\" \/><\/a>\n\t\t\t<\/dt><\/dl><dl class='gallery-item'>\n\t\t\t<dt class='gallery-icon landscape'>\n\t\t\t\t<a href='http:\/\/www.fontur.gob.ve\/?attachment_id=16375#main'><img loading=\"lazy\" decoding=\"async\" width=\"150\" height=\"150\" src=\"http:\/\/www.fontur.gob.ve\/wp-content\/uploads\/2026\/03\/photo_2026-03-06_10-09-11-2-150x150.jpg\" class=\"attachment-thumbnail size-thumbnail\" alt=\"\" \/><\/a>\n\t\t\t<\/dt><\/dl><br style=\"clear: both\" \/>\n\t\t<\/div>\n\n","protected":false},"excerpt":{"rendered":"<p>En su programa de radio transmitido por la emisora YVKE Mundial, Fontur en la Calle (n\u00famero 103), el Presidente Ejecutivo de Fontur, Guillermo Eloy Sulbar\u00e1n Castillo, hizo un llamado este <a class=\"more-link\" href=\"http:\/\/www.fontur.gob.ve\/?p=16370\">Leer M\u00e1s \u2192<\/a><\/p>\n","protected":false},"author":4,"featured_media":16371,"comment_status":"closed","ping_status":"closed","sticky":false,"template":"","format":"standard","meta":{"ngg_post_thumbnail":0,"footnotes":""},"categories":[4],"tags":[],"class_list":["post-16370","post","type-post","status-publish","format-standard","has-post-thumbnail","hentry","category-destacados"],"_links":{"self":[{"href":"http:\/\/www.fontur.gob.ve\/index.php?rest_route=\/wp\/v2\/posts\/16370","targetHints":{"allow":["GET"]}}],"collection":[{"href":"http:\/\/www.fontur.gob.ve\/index.php?rest_route=\/wp\/v2\/posts"}],"about":[{"href":"http:\/\/www.fontur.gob.ve\/index.php?rest_route=\/wp\/v2\/types\/post"}],"author":[{"embeddable":true,"href":"http:\/\/www.fontur.gob.ve\/index.php?rest_route=\/wp\/v2\/users\/4"}],"replies":[{"embeddable":true,"href":"http:\/\/www.fontur.gob.ve\/index.php?rest_route=%2Fwp%2Fv2%2Fcomments&post=16370"}],"version-history":[{"count":1,"href":"http:\/\/www.fontur.gob.ve\/index.php?rest_route=\/wp\/v2\/posts\/16370\/revisions"}],"predecessor-version":[{"id":16376,"href":"http:\/\/www.fontur.gob.ve\/index.php?rest_route=\/wp\/v2\/posts\/16370\/revisions\/16376"}],"wp:featuredmedia":[{"embeddable":true,"href":"http:\/\/www.fontur.gob.ve\/index.php?rest_route=\/wp\/v2\/media\/16371"}],"wp:attachment":[{"href":"http:\/\/www.fontur.gob.ve\/index.php?rest_route=%2Fwp%2Fv2%2Fmedia&parent=16370"}],"wp:term":[{"taxonomy":"category","embeddable":true,"href":"http:\/\/www.fontur.gob.ve\/index.php?rest_route=%2Fwp%2Fv2%2Fcategories&post=16370"},{"taxonomy":"post_tag","embeddable":true,"href":"http:\/\/www.fontur.gob.ve\/index.php?rest_route=%2Fwp%2Fv2%2Ftags&post=16370"}],"curies":[{"name":"wp","href":"https:\/\/api.w.org\/{rel}","templated":true}]}}