{"id":16278,"date":"2026-01-23T11:47:47","date_gmt":"2026-01-23T17:47:47","guid":{"rendered":"http:\/\/www.fontur.gob.ve\/?p=16278"},"modified":"2026-01-23T12:21:57","modified_gmt":"2026-01-23T18:21:57","slug":"fontur-en-la-calle-venezuela-en-paz","status":"publish","type":"post","link":"http:\/\/www.fontur.gob.ve\/?p=16278","title":{"rendered":"\u00abFontur en la Calle\u00bb: Venezuela en Paz"},"content":{"rendered":"<p style=\"text-align: justify;\">En la emisi\u00f3n n\u00famero 98 del programa \u00abFontur en la Calle\u00bb, conducido por el Presidente de FONTUR, Guillermo Eloy Sulbar\u00e1n Castillo, se cont\u00f3 con la participaci\u00f3n de dos destacados invitados: Pedro Luis P\u00e9rez Garc\u00eda, Secretario General de la Asociaci\u00f3n de Transporte Uni\u00f3n de Choferes Totumos Cementerio, y Ricardo Tezara, presidente de la l\u00ednea Uni\u00f3n Conductores 19 de Abril Cerro Grande El Valle, quienes con m\u00e1s de 25 a\u00f1os de experiencia en el transporte compartieron su visi\u00f3n sobre el sector.<\/p>\n<p style=\"text-align: justify;\">Durante el programa, el moderador toc\u00f3 el tema del fuerte impacto que caus\u00f3 el ataque ocurrido el 3 de enero, cuando se produjo el bombardeo en la zona de Fuerte Tiuna y el posterior secuestro del presidente Nicol\u00e1s Maduro y Cilia Flores. Sulbar\u00e1n le pregunt\u00f3 a P\u00e9rez Garc\u00eda sobre su experiencia, dado que reside muy cerca de esa \u00e1rea.<\/p>\n<p style=\"text-align: justify;\">P\u00e9rez Garc\u00eda relat\u00f3 con emoci\u00f3n lo sucedido esa madrugada, destacando que \u00ablas bombas no tienen nombre ni apellido. Fue un momento sumamente dif\u00edcil, especialmente para los adultos mayores, pero no puedo ni imaginar lo que sintieron los ni\u00f1os que vivieron esa tragedia\u00bb. Tambi\u00e9n a\u00f1adi\u00f3: \u00abEsto no tiene nada que ver con partidos pol\u00edticos, sino con la paz y el bienestar de todos. No podemos desearle eso a ning\u00fan pa\u00eds.\u00bb<\/p>\n<p style=\"text-align: justify;\">En cuanto a su organizaci\u00f3n, P\u00e9rez Garc\u00eda resalt\u00f3 que lleva 76 a\u00f1os de servicio, conectando importantes rutas como El Cementerio, San Luis, La Hoyada y el Centro del R\u00edo Tuy. Afirm\u00f3 que el lema de su grupo es \u00abEn la uni\u00f3n est\u00e1 la fuerza\u00bb, y reiter\u00f3 el compromiso de la Asociaci\u00f3n con el pueblo y el transporte de calidad.<\/p>\n<p style=\"text-align: justify;\">Por su parte, Ricardo Tezara tambi\u00e9n extendi\u00f3 un saludo a los transportistas y a las comunidades de las rutas troncales, afirmando que continuar\u00e1n en la lucha por el presidente Nicol\u00e1s Maduro. \u00abSeguimos firmes, porque Venezuela quiere a su Presidente en casa\u00bb, dijo Tezara.<\/p>\n<p style=\"text-align: justify;\">Finalmente, Sulbar\u00e1n concluy\u00f3 el programa afirmando que, tarde o temprano, el Presidente Nicol\u00e1s Maduro regresar\u00e1 a Venezuela junto a la Primera Dama. \u00abLa justicia se har\u00e1, \u00e9l es un prisionero de guerra\u00bb, concluy\u00f3 el Presidente de FONTUR.<\/p>\n\n\t\t<style type=\"text\/css\">\n\t\t\t#gallery-1 {\n\t\t\t\tmargin: auto;\n\t\t\t}\n\t\t\t#gallery-1 .gallery-item {\n\t\t\t\tfloat: left;\n\t\t\t\tmargin-top: 10px;\n\t\t\t\ttext-align: center;\n\t\t\t\twidth: 20%;\n\t\t\t}\n\t\t\t#gallery-1 img {\n\t\t\t\tborder: 2px solid #cfcfcf;\n\t\t\t}\n\t\t\t#gallery-1 .gallery-caption {\n\t\t\t\tmargin-left: 0;\n\t\t\t}\n\t\t\t\/* see gallery_shortcode() in wp-includes\/media.php *\/\n\t\t<\/style>\n\t\t<div id='gallery-1' class='gallery galleryid-16278 gallery-columns-5 gallery-size-thumbnail'><dl class='gallery-item'>\n\t\t\t<dt class='gallery-icon landscape'>\n\t\t\t\t<a href='http:\/\/www.fontur.gob.ve\/?attachment_id=16283#main'><img loading=\"lazy\" decoding=\"async\" width=\"150\" height=\"150\" src=\"http:\/\/www.fontur.gob.ve\/wp-content\/uploads\/2026\/01\/photo_2026-01-23_10-31-36-2-150x150.jpg\" class=\"attachment-thumbnail size-thumbnail\" alt=\"\" \/><\/a>\n\t\t\t<\/dt><\/dl><dl class='gallery-item'>\n\t\t\t<dt class='gallery-icon landscape'>\n\t\t\t\t<a href='http:\/\/www.fontur.gob.ve\/?attachment_id=16281#main'><img loading=\"lazy\" decoding=\"async\" width=\"150\" height=\"150\" src=\"http:\/\/www.fontur.gob.ve\/wp-content\/uploads\/2026\/01\/photo_2026-01-23_10-31-31-150x150.jpg\" class=\"attachment-thumbnail size-thumbnail\" alt=\"\" \/><\/a>\n\t\t\t<\/dt><\/dl><dl class='gallery-item'>\n\t\t\t<dt class='gallery-icon portrait'>\n\t\t\t\t<a href='http:\/\/www.fontur.gob.ve\/?attachment_id=16280#main'><img loading=\"lazy\" decoding=\"async\" width=\"150\" height=\"150\" src=\"http:\/\/www.fontur.gob.ve\/wp-content\/uploads\/2026\/01\/photo_2026-01-23_10-31-37-2-150x150.jpg\" class=\"attachment-thumbnail size-thumbnail\" alt=\"\" \/><\/a>\n\t\t\t<\/dt><\/dl><dl class='gallery-item'>\n\t\t\t<dt class='gallery-icon landscape'>\n\t\t\t\t<a href='http:\/\/www.fontur.gob.ve\/?attachment_id=16282#main'><img loading=\"lazy\" decoding=\"async\" width=\"150\" height=\"150\" src=\"http:\/\/www.fontur.gob.ve\/wp-content\/uploads\/2026\/01\/photo_2026-01-23_10-31-34-150x150.jpg\" class=\"attachment-thumbnail size-thumbnail\" alt=\"\" \/><\/a>\n\t\t\t<\/dt><\/dl><dl class='gallery-item'>\n\t\t\t<dt class='gallery-icon landscape'>\n\t\t\t\t<a href='http:\/\/www.fontur.gob.ve\/?attachment_id=16284#main'><img loading=\"lazy\" decoding=\"async\" width=\"150\" height=\"150\" src=\"http:\/\/www.fontur.gob.ve\/wp-content\/uploads\/2026\/01\/photo_2026-01-23_10-31-36-150x150.jpg\" class=\"attachment-thumbnail size-thumbnail\" alt=\"\" \/><\/a>\n\t\t\t<\/dt><\/dl><br style=\"clear: both\" \/>\n\t\t<\/div>\n\n<p>&nbsp;<\/p>\n","protected":false},"excerpt":{"rendered":"<p>En la emisi\u00f3n n\u00famero 98 del programa \u00abFontur en la Calle\u00bb, conducido por el Presidente de FONTUR, Guillermo Eloy Sulbar\u00e1n Castillo, se cont\u00f3 con la participaci\u00f3n de dos destacados invitados: <a class=\"more-link\" href=\"http:\/\/www.fontur.gob.ve\/?p=16278\">Leer M\u00e1s \u2192<\/a><\/p>\n","protected":false},"author":4,"featured_media":16286,"comment_status":"closed","ping_status":"closed","sticky":false,"template":"","format":"standard","meta":{"ngg_post_thumbnail":0,"footnotes":""},"categories":[4],"tags":[],"class_list":["post-16278","post","type-post","status-publish","format-standard","has-post-thumbnail","hentry","category-destacados"],"_links":{"self":[{"href":"http:\/\/www.fontur.gob.ve\/index.php?rest_route=\/wp\/v2\/posts\/16278","targetHints":{"allow":["GET"]}}],"collection":[{"href":"http:\/\/www.fontur.gob.ve\/index.php?rest_route=\/wp\/v2\/posts"}],"about":[{"href":"http:\/\/www.fontur.gob.ve\/index.php?rest_route=\/wp\/v2\/types\/post"}],"author":[{"embeddable":true,"href":"http:\/\/www.fontur.gob.ve\/index.php?rest_route=\/wp\/v2\/users\/4"}],"replies":[{"embeddable":true,"href":"http:\/\/www.fontur.gob.ve\/index.php?rest_route=%2Fwp%2Fv2%2Fcomments&post=16278"}],"version-history":[{"count":1,"href":"http:\/\/www.fontur.gob.ve\/index.php?rest_route=\/wp\/v2\/posts\/16278\/revisions"}],"predecessor-version":[{"id":16285,"href":"http:\/\/www.fontur.gob.ve\/index.php?rest_route=\/wp\/v2\/posts\/16278\/revisions\/16285"}],"wp:featuredmedia":[{"embeddable":true,"href":"http:\/\/www.fontur.gob.ve\/index.php?rest_route=\/wp\/v2\/media\/16286"}],"wp:attachment":[{"href":"http:\/\/www.fontur.gob.ve\/index.php?rest_route=%2Fwp%2Fv2%2Fmedia&parent=16278"}],"wp:term":[{"taxonomy":"category","embeddable":true,"href":"http:\/\/www.fontur.gob.ve\/index.php?rest_route=%2Fwp%2Fv2%2Fcategories&post=16278"},{"taxonomy":"post_tag","embeddable":true,"href":"http:\/\/www.fontur.gob.ve\/index.php?rest_route=%2Fwp%2Fv2%2Ftags&post=16278"}],"curies":[{"name":"wp","href":"https:\/\/api.w.org\/{rel}","templated":true}]}}