{"id":15682,"date":"2025-09-12T12:57:31","date_gmt":"2025-09-12T18:57:31","guid":{"rendered":"http:\/\/www.fontur.gob.ve\/?p=15682"},"modified":"2025-09-12T12:57:31","modified_gmt":"2025-09-12T18:57:31","slug":"programa-89-de-fontur-en-la-calle-cuerpo-combatiente-activos-en-fontur","status":"publish","type":"post","link":"http:\/\/www.fontur.gob.ve\/?p=15682","title":{"rendered":"PROGRAMA # 89 DE FONTUR EN LA CALLE: \u201cCUERPO COMBATIENTE ACTIVOS EN FONTUR\u201d"},"content":{"rendered":"<p>Este viernes 12 de septiembre, como es de costumbre, asistimos una vez m\u00e1s a nuestra cita con nuestros radioescuchas, espacio donde mantenemos informados al sector transporte y a usuarios, con temas del momento y de gran inter\u00e9s.<\/p>\n<p>Guillermo Eloy Sulbar\u00e1n Castillo, quien es el Presidente Ejecutivo de Fontur y moderador del programa, invit\u00f3 a dos trabajadores de la instituci\u00f3n para hablar sobre los Cuerpos Combatientes, en el marco del \u201cPlan Independencia 200\u201d desplegado por el Presidente de la Rep\u00fablica Nicol\u00e1s Maduro en horas de la madrugada del pasado jueves 11 de septiembre.<\/p>\n<p>En esta oportunidad, tuvimos dos invitados: Antonio Lantigua, el Gerente de la Oficina de Seguridad y Protecci\u00f3n Integral de Fontur; y Edgar Corrales, quien es el Coordinador de Seguridad de Fontur.<\/p>\n<p>Cuando hablamos de \u201cCuerpos Combatientes\u201d, nos referimos a que son unidades integradas por la clase trabajadora y personal de instituciones p\u00fablicas y privadas, organizadas para cooperar con la Fuerza Armada Nacional Bolivariana (FANB) en la Defensa Integral de la Naci\u00f3n, explic\u00f3 Antonio Lantigua.<\/p>\n<p>\u201cEl principal objetivo e inter\u00e9s de nuestro cuerpo combatiente que se encuentra dentro de nuestra instituci\u00f3n es cuidar y resguardar nuestras instalaciones ante cualquier acto de vandalismo y saboteos.<\/p>\n<p>Estamos capacitados para enfrentar cualquier ataque a nuestra Fundaci\u00f3n y a defender los bienes del Estado\u201d, enfatiz\u00f3 Lantigua.<\/p>\n<p>Por su parte, Edgard Corrales expres\u00f3 que \u201cNosotros estamos comprometidos con todas las Gerencias de Fontur, y trabajamos en conjunto con la Oficina de Servicios Generales, nosotros tenemos sentido de pertenencia y trabajamos por el pueblo y para el pueblo\u201d.<\/p>\n<p>Finalmente, Eloy Sulbar\u00e1n culmin\u00f3 el programa con un refr\u00e1n muy popular en la parroquia quien lo vio nacer y crecer: \u201cSi vienes en paz, eres bienvenido. Si vienes en guerra, te combatiremos. Gringo no te equivoques, aqu\u00ed hay un pueblo digno\u201d.<\/p>\n\n\t\t<style type=\"text\/css\">\n\t\t\t#gallery-1 {\n\t\t\t\tmargin: auto;\n\t\t\t}\n\t\t\t#gallery-1 .gallery-item {\n\t\t\t\tfloat: left;\n\t\t\t\tmargin-top: 10px;\n\t\t\t\ttext-align: center;\n\t\t\t\twidth: 25%;\n\t\t\t}\n\t\t\t#gallery-1 img {\n\t\t\t\tborder: 2px solid #cfcfcf;\n\t\t\t}\n\t\t\t#gallery-1 .gallery-caption {\n\t\t\t\tmargin-left: 0;\n\t\t\t}\n\t\t\t\/* see gallery_shortcode() in wp-includes\/media.php *\/\n\t\t<\/style>\n\t\t<div id='gallery-1' class='gallery galleryid-15682 gallery-columns-4 gallery-size-thumbnail'><dl class='gallery-item'>\n\t\t\t<dt class='gallery-icon portrait'>\n\t\t\t\t<a href='http:\/\/www.fontur.gob.ve\/?attachment_id=15683#main'><img loading=\"lazy\" decoding=\"async\" width=\"150\" height=\"150\" src=\"http:\/\/www.fontur.gob.ve\/wp-content\/uploads\/2025\/09\/25-150x150.jpg\" class=\"attachment-thumbnail size-thumbnail\" alt=\"\" \/><\/a>\n\t\t\t<\/dt><\/dl><dl class='gallery-item'>\n\t\t\t<dt class='gallery-icon portrait'>\n\t\t\t\t<a href='http:\/\/www.fontur.gob.ve\/?attachment_id=15684#main'><img loading=\"lazy\" decoding=\"async\" width=\"150\" height=\"150\" src=\"http:\/\/www.fontur.gob.ve\/wp-content\/uploads\/2025\/09\/24-150x150.jpg\" class=\"attachment-thumbnail size-thumbnail\" alt=\"\" \/><\/a>\n\t\t\t<\/dt><\/dl><dl class='gallery-item'>\n\t\t\t<dt class='gallery-icon landscape'>\n\t\t\t\t<a href='http:\/\/www.fontur.gob.ve\/?attachment_id=15685#main'><img loading=\"lazy\" decoding=\"async\" width=\"150\" height=\"150\" src=\"http:\/\/www.fontur.gob.ve\/wp-content\/uploads\/2025\/09\/23-150x150.jpg\" class=\"attachment-thumbnail size-thumbnail\" alt=\"\" \/><\/a>\n\t\t\t<\/dt><\/dl><dl class='gallery-item'>\n\t\t\t<dt class='gallery-icon landscape'>\n\t\t\t\t<a href='http:\/\/www.fontur.gob.ve\/?attachment_id=15686#main'><img loading=\"lazy\" decoding=\"async\" width=\"150\" height=\"150\" src=\"http:\/\/www.fontur.gob.ve\/wp-content\/uploads\/2025\/09\/22-150x150.jpg\" class=\"attachment-thumbnail size-thumbnail\" alt=\"\" \/><\/a>\n\t\t\t<\/dt><\/dl><br style=\"clear: both\" \/>\n\t\t<\/div>\n\n","protected":false},"excerpt":{"rendered":"<p>Este viernes 12 de septiembre, como es de costumbre, asistimos una vez m\u00e1s a nuestra cita con nuestros radioescuchas, espacio donde mantenemos informados al sector transporte y a usuarios, con <a class=\"more-link\" href=\"http:\/\/www.fontur.gob.ve\/?p=15682\">Leer M\u00e1s \u2192<\/a><\/p>\n","protected":false},"author":4,"featured_media":15689,"comment_status":"closed","ping_status":"closed","sticky":false,"template":"","format":"standard","meta":{"ngg_post_thumbnail":0,"footnotes":""},"categories":[4],"tags":[],"class_list":["post-15682","post","type-post","status-publish","format-standard","has-post-thumbnail","hentry","category-destacados"],"_links":{"self":[{"href":"http:\/\/www.fontur.gob.ve\/index.php?rest_route=\/wp\/v2\/posts\/15682","targetHints":{"allow":["GET"]}}],"collection":[{"href":"http:\/\/www.fontur.gob.ve\/index.php?rest_route=\/wp\/v2\/posts"}],"about":[{"href":"http:\/\/www.fontur.gob.ve\/index.php?rest_route=\/wp\/v2\/types\/post"}],"author":[{"embeddable":true,"href":"http:\/\/www.fontur.gob.ve\/index.php?rest_route=\/wp\/v2\/users\/4"}],"replies":[{"embeddable":true,"href":"http:\/\/www.fontur.gob.ve\/index.php?rest_route=%2Fwp%2Fv2%2Fcomments&post=15682"}],"version-history":[{"count":1,"href":"http:\/\/www.fontur.gob.ve\/index.php?rest_route=\/wp\/v2\/posts\/15682\/revisions"}],"predecessor-version":[{"id":15688,"href":"http:\/\/www.fontur.gob.ve\/index.php?rest_route=\/wp\/v2\/posts\/15682\/revisions\/15688"}],"wp:featuredmedia":[{"embeddable":true,"href":"http:\/\/www.fontur.gob.ve\/index.php?rest_route=\/wp\/v2\/media\/15689"}],"wp:attachment":[{"href":"http:\/\/www.fontur.gob.ve\/index.php?rest_route=%2Fwp%2Fv2%2Fmedia&parent=15682"}],"wp:term":[{"taxonomy":"category","embeddable":true,"href":"http:\/\/www.fontur.gob.ve\/index.php?rest_route=%2Fwp%2Fv2%2Fcategories&post=15682"},{"taxonomy":"post_tag","embeddable":true,"href":"http:\/\/www.fontur.gob.ve\/index.php?rest_route=%2Fwp%2Fv2%2Ftags&post=15682"}],"curies":[{"name":"wp","href":"https:\/\/api.w.org\/{rel}","templated":true}]}}