{"id":15670,"date":"2025-09-11T12:17:48","date_gmt":"2025-09-11T18:17:48","guid":{"rendered":"http:\/\/www.fontur.gob.ve\/?p=15670"},"modified":"2025-09-11T12:55:52","modified_gmt":"2025-09-11T18:55:52","slug":"trabajadores-de-fontur-reciben-el-taller-el-dialogo-como-herramienta-metodologica","status":"publish","type":"post","link":"http:\/\/www.fontur.gob.ve\/?p=15670","title":{"rendered":"Trabajadores de Fontur reciben el taller \u201cEl Di\u00e1logo como Herramienta Metodol\u00f3gica\u201d"},"content":{"rendered":"<p style=\"text-align: justify;\">Este jueves 11 de septiembre, se llev\u00f3 a cabo el taller sobre la importancia del di\u00e1logo a cargo de Aura Rojas, Dra. en Historia, representante del Ministerio del Poder Popular para Ciencia y Tecnolog\u00eda, dirigido a los trabajadores de FONTUR.<\/p>\n<p style=\"text-align: justify;\">A partir de las 10 de la ma\u00f1ana, en las instalaciones piso 6 de la torre Jabillitos de Fontur, comenz\u00f3 la socializaci\u00f3n sobre qu\u00e9 es el di\u00e1logo y como lo usamos d\u00eda a d\u00eda, donde varios de los participantes comentaron sus opiniones respecto a las diferencias entre una conversaci\u00f3n y un di\u00e1logo.<\/p>\n<p style=\"text-align: justify;\">\u00abEl di\u00e1logo es m\u00e1s que una conversaci\u00f3n\u00bb coment\u00f3 la Dra. Rojas quien fue la capacitadora de esta actividad, recalcando la diferencia entre la comunicaci\u00f3n horizontal y vertical m\u00e1s los roles que tienen los l\u00edderes y los jefes.<\/p>\n<p style=\"text-align: justify;\">Asimismo, los asistentes pudieron comprender que o\u00edr y escuchar no son lo mismo, ya que al o\u00edr solo estamos recibiendo sonidos de manera pasiva, sin prestarle atenci\u00f3n a lo que nos est\u00e1n diciendo o de lo que est\u00e1n hablando a nuestro alrededor.<\/p>\n<p style=\"text-align: justify;\">Mientras que la escucha es esencial para una comunicaci\u00f3n efectiva, permiti\u00e9ndonos comprender nuestro entorno.<\/p>\n<p style=\"text-align: justify;\">\u00abEl di\u00e1logo es un puente hacia la transformaci\u00f3n\u00bb, con esta frase la Dra. Aura Rojas culmin\u00f3 el taller seguido de un breve debate con los asistentes, donde todos participaron, comentando sobre lo aprendido y surgieron algunos cambios que se pueden implementar para mejorar la comunicaci\u00f3n en nuestros espacios de trabajo.<\/p>\n<p style=\"text-align: justify;\">Este taller se enmarca en las pol\u00edticas de desarrollo y crecimiento personal para los trabajadores que lleva adelante la gesti\u00f3n del Presidente Ejecutivo de Fontur, Guillermo Eloy Sulbar\u00e1n Castillo.<\/p>\n\n\t\t<style type=\"text\/css\">\n\t\t\t#gallery-1 {\n\t\t\t\tmargin: auto;\n\t\t\t}\n\t\t\t#gallery-1 .gallery-item {\n\t\t\t\tfloat: left;\n\t\t\t\tmargin-top: 10px;\n\t\t\t\ttext-align: center;\n\t\t\t\twidth: 12%;\n\t\t\t}\n\t\t\t#gallery-1 img {\n\t\t\t\tborder: 2px solid #cfcfcf;\n\t\t\t}\n\t\t\t#gallery-1 .gallery-caption {\n\t\t\t\tmargin-left: 0;\n\t\t\t}\n\t\t\t\/* see gallery_shortcode() in wp-includes\/media.php *\/\n\t\t<\/style>\n\t\t<div id='gallery-1' class='gallery galleryid-15670 gallery-columns-8 gallery-size-thumbnail'><dl class='gallery-item'>\n\t\t\t<dt class='gallery-icon landscape'>\n\t\t\t\t<a href='http:\/\/www.fontur.gob.ve\/?attachment_id=15671#main'><img loading=\"lazy\" decoding=\"async\" width=\"150\" height=\"150\" src=\"http:\/\/www.fontur.gob.ve\/wp-content\/uploads\/2025\/09\/18-150x150.jpg\" class=\"attachment-thumbnail size-thumbnail\" alt=\"\" \/><\/a>\n\t\t\t<\/dt><\/dl><dl class='gallery-item'>\n\t\t\t<dt class='gallery-icon landscape'>\n\t\t\t\t<a href='http:\/\/www.fontur.gob.ve\/?attachment_id=15672#main'><img loading=\"lazy\" decoding=\"async\" width=\"150\" height=\"150\" src=\"http:\/\/www.fontur.gob.ve\/wp-content\/uploads\/2025\/09\/17-1-150x150.jpg\" class=\"attachment-thumbnail size-thumbnail\" alt=\"\" \/><\/a>\n\t\t\t<\/dt><\/dl><dl class='gallery-item'>\n\t\t\t<dt class='gallery-icon landscape'>\n\t\t\t\t<a href='http:\/\/www.fontur.gob.ve\/?attachment_id=15673#main'><img loading=\"lazy\" decoding=\"async\" width=\"150\" height=\"150\" src=\"http:\/\/www.fontur.gob.ve\/wp-content\/uploads\/2025\/09\/15-1-150x150.jpg\" class=\"attachment-thumbnail size-thumbnail\" alt=\"\" \/><\/a>\n\t\t\t<\/dt><\/dl><dl class='gallery-item'>\n\t\t\t<dt class='gallery-icon landscape'>\n\t\t\t\t<a href='http:\/\/www.fontur.gob.ve\/?attachment_id=15674#main'><img loading=\"lazy\" decoding=\"async\" width=\"150\" height=\"150\" src=\"http:\/\/www.fontur.gob.ve\/wp-content\/uploads\/2025\/09\/16-1-150x150.jpg\" class=\"attachment-thumbnail size-thumbnail\" alt=\"\" \/><\/a>\n\t\t\t<\/dt><\/dl><dl class='gallery-item'>\n\t\t\t<dt class='gallery-icon portrait'>\n\t\t\t\t<a href='http:\/\/www.fontur.gob.ve\/?attachment_id=15675#main'><img loading=\"lazy\" decoding=\"async\" width=\"150\" height=\"150\" src=\"http:\/\/www.fontur.gob.ve\/wp-content\/uploads\/2025\/09\/14-1-150x150.jpg\" class=\"attachment-thumbnail size-thumbnail\" alt=\"\" \/><\/a>\n\t\t\t<\/dt><\/dl><dl class='gallery-item'>\n\t\t\t<dt class='gallery-icon landscape'>\n\t\t\t\t<a href='http:\/\/www.fontur.gob.ve\/?attachment_id=15676#main'><img loading=\"lazy\" decoding=\"async\" width=\"150\" height=\"150\" src=\"http:\/\/www.fontur.gob.ve\/wp-content\/uploads\/2025\/09\/13-1-150x150.jpg\" class=\"attachment-thumbnail size-thumbnail\" alt=\"\" \/><\/a>\n\t\t\t<\/dt><\/dl><dl class='gallery-item'>\n\t\t\t<dt class='gallery-icon portrait'>\n\t\t\t\t<a href='http:\/\/www.fontur.gob.ve\/?attachment_id=15677#main'><img loading=\"lazy\" decoding=\"async\" width=\"150\" height=\"150\" src=\"http:\/\/www.fontur.gob.ve\/wp-content\/uploads\/2025\/09\/12-1-150x150.jpg\" class=\"attachment-thumbnail size-thumbnail\" alt=\"\" \/><\/a>\n\t\t\t<\/dt><\/dl><dl class='gallery-item'>\n\t\t\t<dt class='gallery-icon landscape'>\n\t\t\t\t<a href='http:\/\/www.fontur.gob.ve\/?attachment_id=15678#main'><img loading=\"lazy\" decoding=\"async\" width=\"150\" height=\"150\" src=\"http:\/\/www.fontur.gob.ve\/wp-content\/uploads\/2025\/09\/11-1-150x150.jpg\" class=\"attachment-thumbnail size-thumbnail\" alt=\"\" \/><\/a>\n\t\t\t<\/dt><\/dl><br style=\"clear: both\" \/>\n\t\t<\/div>\n\n","protected":false},"excerpt":{"rendered":"<p>Este jueves 11 de septiembre, se llev\u00f3 a cabo el taller sobre la importancia del di\u00e1logo a cargo de Aura Rojas, Dra. en Historia, representante del Ministerio del Poder Popular <a class=\"more-link\" href=\"http:\/\/www.fontur.gob.ve\/?p=15670\">Leer M\u00e1s \u2192<\/a><\/p>\n","protected":false},"author":4,"featured_media":15679,"comment_status":"closed","ping_status":"closed","sticky":false,"template":"","format":"standard","meta":{"ngg_post_thumbnail":0,"footnotes":""},"categories":[5],"tags":[],"class_list":["post-15670","post","type-post","status-publish","format-standard","has-post-thumbnail","hentry","category-noticias"],"_links":{"self":[{"href":"http:\/\/www.fontur.gob.ve\/index.php?rest_route=\/wp\/v2\/posts\/15670","targetHints":{"allow":["GET"]}}],"collection":[{"href":"http:\/\/www.fontur.gob.ve\/index.php?rest_route=\/wp\/v2\/posts"}],"about":[{"href":"http:\/\/www.fontur.gob.ve\/index.php?rest_route=\/wp\/v2\/types\/post"}],"author":[{"embeddable":true,"href":"http:\/\/www.fontur.gob.ve\/index.php?rest_route=\/wp\/v2\/users\/4"}],"replies":[{"embeddable":true,"href":"http:\/\/www.fontur.gob.ve\/index.php?rest_route=%2Fwp%2Fv2%2Fcomments&post=15670"}],"version-history":[{"count":2,"href":"http:\/\/www.fontur.gob.ve\/index.php?rest_route=\/wp\/v2\/posts\/15670\/revisions"}],"predecessor-version":[{"id":15681,"href":"http:\/\/www.fontur.gob.ve\/index.php?rest_route=\/wp\/v2\/posts\/15670\/revisions\/15681"}],"wp:featuredmedia":[{"embeddable":true,"href":"http:\/\/www.fontur.gob.ve\/index.php?rest_route=\/wp\/v2\/media\/15679"}],"wp:attachment":[{"href":"http:\/\/www.fontur.gob.ve\/index.php?rest_route=%2Fwp%2Fv2%2Fmedia&parent=15670"}],"wp:term":[{"taxonomy":"category","embeddable":true,"href":"http:\/\/www.fontur.gob.ve\/index.php?rest_route=%2Fwp%2Fv2%2Fcategories&post=15670"},{"taxonomy":"post_tag","embeddable":true,"href":"http:\/\/www.fontur.gob.ve\/index.php?rest_route=%2Fwp%2Fv2%2Ftags&post=15670"}],"curies":[{"name":"wp","href":"https:\/\/api.w.org\/{rel}","templated":true}]}}