{"id":15662,"date":"2025-09-08T13:52:35","date_gmt":"2025-09-08T19:52:35","guid":{"rendered":"http:\/\/www.fontur.gob.ve\/?p=15662"},"modified":"2025-09-08T13:52:35","modified_gmt":"2025-09-08T19:52:35","slug":"trabajadores-de-fontur-compartieron-su-experiencia-en-el-programa-radial-fontur-en-la-calle","status":"publish","type":"post","link":"http:\/\/www.fontur.gob.ve\/?p=15662","title":{"rendered":"Trabajadores de Fontur compartieron su experiencia en el programa radial \u201cFontur en la Calle\u201d"},"content":{"rendered":"<p style=\"text-align: justify;\">En el marco de la celebraci\u00f3n del 34\u00b0 aniversario de la Fundaci\u00f3n Fondo Nacional de Transporte Urbano (Fontur), el programa radial \u201cFontur en la Calle\u201d, conducido por el presidente de la instituci\u00f3n, Guillermo Eloy Sulbar\u00e1n Castillo, recibi\u00f3 como invitados especiales a dos trabajadores que representan el compromiso y la entrega del talento humano Fonture\u00f1o: Adela G\u00f3mez, supervisora de campo de Distrito Capital, y Benigno Contreras, supervisor de Servicios Generales.<\/p>\n<p style=\"text-align: justify;\">Durante la transmisi\u00f3n, Adela G\u00f3mez expres\u00f3 con orgullo: \u201cSoy una persona trabajadora, echada para adelante y Fonture\u00f1a de coraz\u00f3n. Hoy voy a ser condecorada por 15 a\u00f1os de servicio y quiero seguir cumpliendo m\u00e1s a\u00f1os hasta llegar a mi jubilaci\u00f3n. Soy muy estricta con mi labor, me gusta que las cosas se hagan como deben hacerse y brindar la atenci\u00f3n y el respeto que merece cada transportista\u201d.<\/p>\n<p style=\"text-align: justify;\">Asimismo, comparti\u00f3 una an\u00e9cdota vivida en su funci\u00f3n como supervisora: \u201cUna vez me toc\u00f3 supervisar una l\u00ednea de transporte en el 23 de Enero y result\u00f3 ser una de usted, presidente. El avance quiso impedirme, pero yo le respond\u00ed: la ley empieza por casa, igualmente la supervisar\u00e9\u201d.<\/p>\n<p style=\"text-align: justify;\">Por su parte, Benigno Contreras manifest\u00f3 su agradecimiento al equipo gerencial de Fontur por el respaldo brindado al personal de Servicios Generales: \u201cNos sentimos tomados en cuenta y eso nos motiva a trabajar con m\u00e1s entusiasmo. Hago mi labor con el coraz\u00f3n; donde me necesiten, all\u00ed estar\u00e9 para ayudar, a reparar o colaborar, siempre procurando mantener embellecida nuestra instituci\u00f3n\u201d.<\/p>\n<p style=\"text-align: justify;\">Contreras dio las gracias al especial apoyo que han brindado a la clase trabajadora de Servicio Generales, el Presidente Eloy Sulbar\u00e1n y la Adjunta a la Presidencia, B\u00e9lgica Hern\u00e1ndez.<\/p>\n<p style=\"text-align: justify;\">Con estas palabras, ambos trabajadores reflejaron el sentido de pertenencia, compromiso y dedicaci\u00f3n que distinguen a la familia Fontur, reafirmando el valor humano que ha hecho posible los 34 a\u00f1os de servicio a la movilidad y al pueblo venezolano.<\/p>\n\n\t\t<style type=\"text\/css\">\n\t\t\t#gallery-1 {\n\t\t\t\tmargin: auto;\n\t\t\t}\n\t\t\t#gallery-1 .gallery-item {\n\t\t\t\tfloat: left;\n\t\t\t\tmargin-top: 10px;\n\t\t\t\ttext-align: center;\n\t\t\t\twidth: 20%;\n\t\t\t}\n\t\t\t#gallery-1 img {\n\t\t\t\tborder: 2px solid #cfcfcf;\n\t\t\t}\n\t\t\t#gallery-1 .gallery-caption {\n\t\t\t\tmargin-left: 0;\n\t\t\t}\n\t\t\t\/* see gallery_shortcode() in wp-includes\/media.php *\/\n\t\t<\/style>\n\t\t<div id='gallery-1' class='gallery galleryid-15662 gallery-columns-5 gallery-size-thumbnail'><dl class='gallery-item'>\n\t\t\t<dt class='gallery-icon landscape'>\n\t\t\t\t<a href='http:\/\/www.fontur.gob.ve\/?attachment_id=15663#main'><img loading=\"lazy\" decoding=\"async\" width=\"150\" height=\"150\" src=\"http:\/\/www.fontur.gob.ve\/wp-content\/uploads\/2025\/09\/photo_5033332033597845925_y-copia-150x150.jpg\" class=\"attachment-thumbnail size-thumbnail\" alt=\"\" \/><\/a>\n\t\t\t<\/dt><\/dl><dl class='gallery-item'>\n\t\t\t<dt class='gallery-icon landscape'>\n\t\t\t\t<a href='http:\/\/www.fontur.gob.ve\/?attachment_id=15664#main'><img loading=\"lazy\" decoding=\"async\" width=\"150\" height=\"150\" src=\"http:\/\/www.fontur.gob.ve\/wp-content\/uploads\/2025\/09\/photo_5035311626974244862_y-150x150.jpg\" class=\"attachment-thumbnail size-thumbnail\" alt=\"\" \/><\/a>\n\t\t\t<\/dt><\/dl><dl class='gallery-item'>\n\t\t\t<dt class='gallery-icon landscape'>\n\t\t\t\t<a href='http:\/\/www.fontur.gob.ve\/?attachment_id=15665#main'><img loading=\"lazy\" decoding=\"async\" width=\"150\" height=\"150\" src=\"http:\/\/www.fontur.gob.ve\/wp-content\/uploads\/2025\/09\/photo_5042299736333332749_y-150x150.jpg\" class=\"attachment-thumbnail size-thumbnail\" alt=\"\" \/><\/a>\n\t\t\t<\/dt><\/dl><dl class='gallery-item'>\n\t\t\t<dt class='gallery-icon portrait'>\n\t\t\t\t<a href='http:\/\/www.fontur.gob.ve\/?attachment_id=15666#main'><img loading=\"lazy\" decoding=\"async\" width=\"150\" height=\"150\" src=\"http:\/\/www.fontur.gob.ve\/wp-content\/uploads\/2025\/09\/photo_5042299736333332750_y-150x150.jpg\" class=\"attachment-thumbnail size-thumbnail\" alt=\"\" \/><\/a>\n\t\t\t<\/dt><\/dl><dl class='gallery-item'>\n\t\t\t<dt class='gallery-icon portrait'>\n\t\t\t\t<a href='http:\/\/www.fontur.gob.ve\/?attachment_id=15667#main'><img loading=\"lazy\" decoding=\"async\" width=\"150\" height=\"150\" src=\"http:\/\/www.fontur.gob.ve\/wp-content\/uploads\/2025\/09\/photo_5042299736333332751_y-copia-150x150.jpg\" class=\"attachment-thumbnail size-thumbnail\" alt=\"\" \/><\/a>\n\t\t\t<\/dt><\/dl><br style=\"clear: both\" \/>\n\t\t<\/div>\n\n","protected":false},"excerpt":{"rendered":"<p>En el marco de la celebraci\u00f3n del 34\u00b0 aniversario de la Fundaci\u00f3n Fondo Nacional de Transporte Urbano (Fontur), el programa radial \u201cFontur en la Calle\u201d, conducido por el presidente de <a class=\"more-link\" href=\"http:\/\/www.fontur.gob.ve\/?p=15662\">Leer M\u00e1s \u2192<\/a><\/p>\n","protected":false},"author":4,"featured_media":15668,"comment_status":"closed","ping_status":"closed","sticky":false,"template":"","format":"standard","meta":{"ngg_post_thumbnail":0,"footnotes":""},"categories":[4],"tags":[],"class_list":["post-15662","post","type-post","status-publish","format-standard","has-post-thumbnail","hentry","category-destacados"],"_links":{"self":[{"href":"http:\/\/www.fontur.gob.ve\/index.php?rest_route=\/wp\/v2\/posts\/15662","targetHints":{"allow":["GET"]}}],"collection":[{"href":"http:\/\/www.fontur.gob.ve\/index.php?rest_route=\/wp\/v2\/posts"}],"about":[{"href":"http:\/\/www.fontur.gob.ve\/index.php?rest_route=\/wp\/v2\/types\/post"}],"author":[{"embeddable":true,"href":"http:\/\/www.fontur.gob.ve\/index.php?rest_route=\/wp\/v2\/users\/4"}],"replies":[{"embeddable":true,"href":"http:\/\/www.fontur.gob.ve\/index.php?rest_route=%2Fwp%2Fv2%2Fcomments&post=15662"}],"version-history":[{"count":1,"href":"http:\/\/www.fontur.gob.ve\/index.php?rest_route=\/wp\/v2\/posts\/15662\/revisions"}],"predecessor-version":[{"id":15669,"href":"http:\/\/www.fontur.gob.ve\/index.php?rest_route=\/wp\/v2\/posts\/15662\/revisions\/15669"}],"wp:featuredmedia":[{"embeddable":true,"href":"http:\/\/www.fontur.gob.ve\/index.php?rest_route=\/wp\/v2\/media\/15668"}],"wp:attachment":[{"href":"http:\/\/www.fontur.gob.ve\/index.php?rest_route=%2Fwp%2Fv2%2Fmedia&parent=15662"}],"wp:term":[{"taxonomy":"category","embeddable":true,"href":"http:\/\/www.fontur.gob.ve\/index.php?rest_route=%2Fwp%2Fv2%2Fcategories&post=15662"},{"taxonomy":"post_tag","embeddable":true,"href":"http:\/\/www.fontur.gob.ve\/index.php?rest_route=%2Fwp%2Fv2%2Ftags&post=15662"}],"curies":[{"name":"wp","href":"https:\/\/api.w.org\/{rel}","templated":true}]}}