{"id":15651,"date":"2025-09-08T13:08:03","date_gmt":"2025-09-08T19:08:03","guid":{"rendered":"http:\/\/www.fontur.gob.ve\/?p=15651"},"modified":"2025-09-08T13:09:47","modified_gmt":"2025-09-08T19:09:47","slug":"fonturenos-reciben-reconocimientos-en-celebracion-de-los-34-anos-de-fontur","status":"publish","type":"post","link":"http:\/\/www.fontur.gob.ve\/?p=15651","title":{"rendered":"Fonture\u00f1os reciben reconocimientos en celebraci\u00f3n de los 34 a\u00f1os de Fontur"},"content":{"rendered":"<p style=\"text-align: justify;\">En su tercer a\u00f1o como Presidente Ejecutivo de Fontur, Guillermo Eloy Sulbar\u00e1n Castillo entreg\u00f3 a los trabajadores un reconocimiento por su destacada labor durante sus 5, 10, 15, 20, 25 y 30 a\u00f1os al servicio del Gobierno Bolivariano y del pueblo venezolano.<\/p>\n<p style=\"text-align: justify;\">Este acto protocolar se llev\u00f3 a cabo el viernes 05 de septiembre, fecha Aniversaria, en el teatro del Complejo Cultural \u00abGuayana Esequiba\u00bb de la Alcald\u00eda de Caracas, donde tambi\u00e9n fueron reconocidos los l\u00edderes del transporte en Venezuela y las personalidades presentes en el acto.<\/p>\n<p style=\"text-align: justify;\">El Presidente de FONTUR estuvo acompa\u00f1ado en el pres\u00eddium por la Presidenta del Movimiento de Mujeres Manuelita S\u00e1enz, Dra. Eliana Salazar; el Presidente del Sistema Integral de Transporte Superficial (Sitssa), Jos\u00e9 Gregorio G\u00f3mez; la Directora de Despacho de FONTUR, Kakyttia Castellano; y la Gerente General de la Oficina de Gesti\u00f3n Humana de Fontur, Cysbel Mijares.<\/p>\n<p style=\"text-align: justify;\">\u00abVoy a decir algo que nos tiene que salir del alma y el coraz\u00f3n que es primero \u00a1Viva la Patria! Es un honor compartir este d\u00eda con los trabajadores. Pasaron 34 a\u00f1os, se dice f\u00e1cil, son mucho los recuerdos. Hoy vimos un video que nos hace recordar los momentos en que hemos estado en Fontur. Por cosas de la Revoluci\u00f3n y de Ch\u00e1vez me eligieron para estar al frente de la instituci\u00f3n, responsabilidad que he asumido con mucho orgullo y empe\u00f1o. Un aplauso para todos ustedes quienes hacen que Fontur siga adelante. Hemos hecho mucho con poco, apesar del bloqueo econ\u00f3mico del imperio estadounidense. Estoy muy orgulloso de la clase trabajadora, gracias por acompa\u00f1arme\u00bb, expres\u00f3 Sulbar\u00e1n Castillo.<\/p>\n<p style=\"text-align: justify;\">Por su parte, la Presidenta del Movimiento de Mujeres Manuelita S\u00e1enz, Eliana Salazar manifest\u00f3 \u00abfelicitaciones a hombres y mujeres que hoy han recibido ese reconocimiento por esos a\u00f1os de ardua labor, compromiso y amor a esta gran instituci\u00f3n, un aplauso para ustedes. Agradecida con Dios\u00bb.<\/p>\n<p style=\"text-align: justify;\">El acto inici\u00f3 con el Himno Nacional \u00abGloria al Bravo Pueblo\u00bb, luego se transmiti\u00f3 un video emotivo el cual destac\u00f3 la evoluci\u00f3n del sistema de transporte y el personal expres\u00f3 su agradecimiento y felicitaciones por la celebraci\u00f3n de otro cumplea\u00f1os m\u00e1s de Fontur.<\/p>\n<p style=\"text-align: justify;\">Posteriormente, fue la actuaci\u00f3n musical de Alexander Viana \u00abEl Tibur\u00f3n del Llano y la agrupaci\u00f3n \u00abParrandoman\u00eda\u00bb que deleitaron a la audiencia con m\u00fasica llanera. La ceremonia cerr\u00f3 con un brindis para desear que el pr\u00f3ximo a\u00f1o sea igual de exitoso y bendecido para la Gran Familia de Fontur.<\/p>\n\n\t\t<style type=\"text\/css\">\n\t\t\t#gallery-1 {\n\t\t\t\tmargin: auto;\n\t\t\t}\n\t\t\t#gallery-1 .gallery-item {\n\t\t\t\tfloat: left;\n\t\t\t\tmargin-top: 10px;\n\t\t\t\ttext-align: center;\n\t\t\t\twidth: 14%;\n\t\t\t}\n\t\t\t#gallery-1 img {\n\t\t\t\tborder: 2px solid #cfcfcf;\n\t\t\t}\n\t\t\t#gallery-1 .gallery-caption {\n\t\t\t\tmargin-left: 0;\n\t\t\t}\n\t\t\t\/* see gallery_shortcode() in wp-includes\/media.php *\/\n\t\t<\/style>\n\t\t<div id='gallery-1' class='gallery galleryid-15651 gallery-columns-7 gallery-size-thumbnail'><dl class='gallery-item'>\n\t\t\t<dt class='gallery-icon landscape'>\n\t\t\t\t<a href='http:\/\/www.fontur.gob.ve\/?attachment_id=15652#main'><img loading=\"lazy\" decoding=\"async\" width=\"150\" height=\"150\" src=\"http:\/\/www.fontur.gob.ve\/wp-content\/uploads\/2025\/09\/17-150x150.jpg\" class=\"attachment-thumbnail size-thumbnail\" alt=\"\" \/><\/a>\n\t\t\t<\/dt><\/dl><dl class='gallery-item'>\n\t\t\t<dt class='gallery-icon landscape'>\n\t\t\t\t<a href='http:\/\/www.fontur.gob.ve\/?attachment_id=15653#main'><img loading=\"lazy\" decoding=\"async\" width=\"150\" height=\"150\" src=\"http:\/\/www.fontur.gob.ve\/wp-content\/uploads\/2025\/09\/16-150x150.jpg\" class=\"attachment-thumbnail size-thumbnail\" alt=\"\" \/><\/a>\n\t\t\t<\/dt><\/dl><dl class='gallery-item'>\n\t\t\t<dt class='gallery-icon landscape'>\n\t\t\t\t<a href='http:\/\/www.fontur.gob.ve\/?attachment_id=15654#main'><img loading=\"lazy\" decoding=\"async\" width=\"150\" height=\"150\" src=\"http:\/\/www.fontur.gob.ve\/wp-content\/uploads\/2025\/09\/15-150x150.jpg\" class=\"attachment-thumbnail size-thumbnail\" alt=\"\" \/><\/a>\n\t\t\t<\/dt><\/dl><dl class='gallery-item'>\n\t\t\t<dt class='gallery-icon landscape'>\n\t\t\t\t<a href='http:\/\/www.fontur.gob.ve\/?attachment_id=15655#main'><img loading=\"lazy\" decoding=\"async\" width=\"150\" height=\"150\" src=\"http:\/\/www.fontur.gob.ve\/wp-content\/uploads\/2025\/09\/14-150x150.jpg\" class=\"attachment-thumbnail size-thumbnail\" alt=\"\" \/><\/a>\n\t\t\t<\/dt><\/dl><dl class='gallery-item'>\n\t\t\t<dt class='gallery-icon landscape'>\n\t\t\t\t<a href='http:\/\/www.fontur.gob.ve\/?attachment_id=15656#main'><img loading=\"lazy\" decoding=\"async\" width=\"150\" height=\"150\" src=\"http:\/\/www.fontur.gob.ve\/wp-content\/uploads\/2025\/09\/13-150x150.jpg\" class=\"attachment-thumbnail size-thumbnail\" alt=\"\" \/><\/a>\n\t\t\t<\/dt><\/dl><dl class='gallery-item'>\n\t\t\t<dt class='gallery-icon landscape'>\n\t\t\t\t<a href='http:\/\/www.fontur.gob.ve\/?attachment_id=15657#main'><img loading=\"lazy\" decoding=\"async\" width=\"150\" height=\"150\" src=\"http:\/\/www.fontur.gob.ve\/wp-content\/uploads\/2025\/09\/11-150x150.jpg\" class=\"attachment-thumbnail size-thumbnail\" alt=\"\" \/><\/a>\n\t\t\t<\/dt><\/dl><dl class='gallery-item'>\n\t\t\t<dt class='gallery-icon landscape'>\n\t\t\t\t<a href='http:\/\/www.fontur.gob.ve\/?attachment_id=15658#main'><img loading=\"lazy\" decoding=\"async\" width=\"150\" height=\"150\" src=\"http:\/\/www.fontur.gob.ve\/wp-content\/uploads\/2025\/09\/12-150x150.jpg\" class=\"attachment-thumbnail size-thumbnail\" alt=\"\" \/><\/a>\n\t\t\t<\/dt><\/dl><br style=\"clear: both\" \/>\n\t\t<\/div>\n\n","protected":false},"excerpt":{"rendered":"<p>En su tercer a\u00f1o como Presidente Ejecutivo de Fontur, Guillermo Eloy Sulbar\u00e1n Castillo entreg\u00f3 a los trabajadores un reconocimiento por su destacada labor durante sus 5, 10, 15, 20, 25 <a class=\"more-link\" href=\"http:\/\/www.fontur.gob.ve\/?p=15651\">Leer M\u00e1s \u2192<\/a><\/p>\n","protected":false},"author":4,"featured_media":15659,"comment_status":"closed","ping_status":"closed","sticky":false,"template":"","format":"standard","meta":{"ngg_post_thumbnail":0,"footnotes":""},"categories":[4],"tags":[],"class_list":["post-15651","post","type-post","status-publish","format-standard","has-post-thumbnail","hentry","category-destacados"],"_links":{"self":[{"href":"http:\/\/www.fontur.gob.ve\/index.php?rest_route=\/wp\/v2\/posts\/15651","targetHints":{"allow":["GET"]}}],"collection":[{"href":"http:\/\/www.fontur.gob.ve\/index.php?rest_route=\/wp\/v2\/posts"}],"about":[{"href":"http:\/\/www.fontur.gob.ve\/index.php?rest_route=\/wp\/v2\/types\/post"}],"author":[{"embeddable":true,"href":"http:\/\/www.fontur.gob.ve\/index.php?rest_route=\/wp\/v2\/users\/4"}],"replies":[{"embeddable":true,"href":"http:\/\/www.fontur.gob.ve\/index.php?rest_route=%2Fwp%2Fv2%2Fcomments&post=15651"}],"version-history":[{"count":1,"href":"http:\/\/www.fontur.gob.ve\/index.php?rest_route=\/wp\/v2\/posts\/15651\/revisions"}],"predecessor-version":[{"id":15660,"href":"http:\/\/www.fontur.gob.ve\/index.php?rest_route=\/wp\/v2\/posts\/15651\/revisions\/15660"}],"wp:featuredmedia":[{"embeddable":true,"href":"http:\/\/www.fontur.gob.ve\/index.php?rest_route=\/wp\/v2\/media\/15659"}],"wp:attachment":[{"href":"http:\/\/www.fontur.gob.ve\/index.php?rest_route=%2Fwp%2Fv2%2Fmedia&parent=15651"}],"wp:term":[{"taxonomy":"category","embeddable":true,"href":"http:\/\/www.fontur.gob.ve\/index.php?rest_route=%2Fwp%2Fv2%2Fcategories&post=15651"},{"taxonomy":"post_tag","embeddable":true,"href":"http:\/\/www.fontur.gob.ve\/index.php?rest_route=%2Fwp%2Fv2%2Ftags&post=15651"}],"curies":[{"name":"wp","href":"https:\/\/api.w.org\/{rel}","templated":true}]}}