{"id":15642,"date":"2025-09-04T16:21:38","date_gmt":"2025-09-04T22:21:38","guid":{"rendered":"http:\/\/www.fontur.gob.ve\/?p=15642"},"modified":"2025-09-04T18:25:31","modified_gmt":"2025-09-05T00:25:31","slug":"15642","status":"publish","type":"post","link":"http:\/\/www.fontur.gob.ve\/?p=15642","title":{"rendered":""},"content":{"rendered":"<p style=\"text-align: justify;\">Fontur conmemora su 34\u00b0 aniversario con acto en honor al Libertador en todo el pa\u00eds<br \/>\nEn el marco de su 34\u00b0 aniversario, la Fundaci\u00f3n Fondo Nacional de Transporte Urbano (Fontur) realiz\u00f3 este mi\u00e9rcoles 03 de septiembre un emotivo homenaje al Padre de la Patria, Sim\u00f3n Bol\u00edvar, en el Mausoleo del Libertador, anexo al Pante\u00f3n Nacional, Parroquia Altagracia, Caracas y en las plazas Bol\u00edvar de todo el pa\u00eds.<br \/>\nEl Presidente Ejecutivo de la instituci\u00f3n, Guillermo Eloy Sulbar\u00e1n Castillo, acompa\u00f1ado de los gerentes, trabajadores y representantes del sector transporte, rindi\u00f3 honores y deposit\u00f3 ofrendas florales en el sarc\u00f3fago del Libertador, reafirmando el compromiso de Fontur con los valores de libertad y soberan\u00eda legados por Bol\u00edvar.<br \/>\n\u201cAqu\u00ed estoy con la clase trabajadora de Fontur y una representaci\u00f3n del transporte multimodal para agradecer primeramente a Dios delante de nuestro Libertador de la Patria, en estos tiempos de patriotas, por el 34 aniversario de Fontur, cumpliendo con una agenda protocolar en su semana aniversaria\u201d, inform\u00f3 Sulbar\u00e1n Castillo durante el acto.<br \/>\nLa ceremonia inici\u00f3 con la participaci\u00f3n de la Banda Marcial de los Bomberos de Caracas, quienes interpretaron el Himno Nacional.<br \/>\nDe manera simult\u00e1nea, en todas las regiones del pa\u00eds, las Coordinaciones Territoriales de Fontur se unieron a esta conmemoraci\u00f3n, con ofrendas florales en las plazas Bol\u00edvar de cada estado, destacando la importancia de mantener viva la memoria hist\u00f3rica en el marco del trig\u00e9simo cuarto aniversario de la instituci\u00f3n.<\/p>\n\n\t\t<style type=\"text\/css\">\n\t\t\t#gallery-1 {\n\t\t\t\tmargin: auto;\n\t\t\t}\n\t\t\t#gallery-1 .gallery-item {\n\t\t\t\tfloat: left;\n\t\t\t\tmargin-top: 10px;\n\t\t\t\ttext-align: center;\n\t\t\t\twidth: 20%;\n\t\t\t}\n\t\t\t#gallery-1 img {\n\t\t\t\tborder: 2px solid #cfcfcf;\n\t\t\t}\n\t\t\t#gallery-1 .gallery-caption {\n\t\t\t\tmargin-left: 0;\n\t\t\t}\n\t\t\t\/* see gallery_shortcode() in wp-includes\/media.php *\/\n\t\t<\/style>\n\t\t<div id='gallery-1' class='gallery galleryid-15642 gallery-columns-5 gallery-size-thumbnail'><dl class='gallery-item'>\n\t\t\t<dt class='gallery-icon landscape'>\n\t\t\t\t<a href='http:\/\/www.fontur.gob.ve\/?attachment_id=15644#main'><img loading=\"lazy\" decoding=\"async\" width=\"150\" height=\"150\" src=\"http:\/\/www.fontur.gob.ve\/wp-content\/uploads\/2025\/09\/ALONDRA-SOTO-GESTION-HUMANA-3-1-150x150.jpg\" class=\"attachment-thumbnail size-thumbnail\" alt=\"\" \/><\/a>\n\t\t\t<\/dt><\/dl><dl class='gallery-item'>\n\t\t\t<dt class='gallery-icon landscape'>\n\t\t\t\t<a href='http:\/\/www.fontur.gob.ve\/?attachment_id=15645#main'><img loading=\"lazy\" decoding=\"async\" width=\"150\" height=\"150\" src=\"http:\/\/www.fontur.gob.ve\/wp-content\/uploads\/2025\/09\/photo_2025-09-03_12-31-20-1-150x150.jpg\" class=\"attachment-thumbnail size-thumbnail\" alt=\"\" \/><\/a>\n\t\t\t<\/dt><\/dl><dl class='gallery-item'>\n\t\t\t<dt class='gallery-icon landscape'>\n\t\t\t\t<a href='http:\/\/www.fontur.gob.ve\/?attachment_id=15646#main'><img loading=\"lazy\" decoding=\"async\" width=\"150\" height=\"150\" src=\"http:\/\/www.fontur.gob.ve\/wp-content\/uploads\/2025\/09\/photo_2025-09-03_12-35-40-1-150x150.jpg\" class=\"attachment-thumbnail size-thumbnail\" alt=\"\" \/><\/a>\n\t\t\t<\/dt><\/dl><dl class='gallery-item'>\n\t\t\t<dt class='gallery-icon landscape'>\n\t\t\t\t<a href='http:\/\/www.fontur.gob.ve\/?attachment_id=15647#main'><img loading=\"lazy\" decoding=\"async\" width=\"150\" height=\"150\" src=\"http:\/\/www.fontur.gob.ve\/wp-content\/uploads\/2025\/09\/photo_2025-09-03_12-35-55-2-150x150.jpg\" class=\"attachment-thumbnail size-thumbnail\" alt=\"\" \/><\/a>\n\t\t\t<\/dt><\/dl><dl class='gallery-item'>\n\t\t\t<dt class='gallery-icon landscape'>\n\t\t\t\t<a href='http:\/\/www.fontur.gob.ve\/?attachment_id=15648#main'><img loading=\"lazy\" decoding=\"async\" width=\"150\" height=\"150\" src=\"http:\/\/www.fontur.gob.ve\/wp-content\/uploads\/2025\/09\/photo_2025-09-03_16-20-49-2-150x150.jpg\" class=\"attachment-thumbnail size-thumbnail\" alt=\"\" \/><\/a>\n\t\t\t<\/dt><\/dl><br style=\"clear: both\" \/>\n\t\t<\/div>\n\n","protected":false},"excerpt":{"rendered":"<p>Fontur conmemora su 34\u00b0 aniversario con acto en honor al Libertador en todo el pa\u00eds En el marco de su 34\u00b0 aniversario, la Fundaci\u00f3n Fondo Nacional de Transporte Urbano (Fontur) <a class=\"more-link\" href=\"http:\/\/www.fontur.gob.ve\/?p=15642\">Leer M\u00e1s \u2192<\/a><\/p>\n","protected":false},"author":4,"featured_media":15643,"comment_status":"closed","ping_status":"closed","sticky":false,"template":"","format":"standard","meta":{"ngg_post_thumbnail":0,"footnotes":""},"categories":[4],"tags":[],"class_list":["post-15642","post","type-post","status-publish","format-standard","has-post-thumbnail","hentry","category-destacados"],"_links":{"self":[{"href":"http:\/\/www.fontur.gob.ve\/index.php?rest_route=\/wp\/v2\/posts\/15642","targetHints":{"allow":["GET"]}}],"collection":[{"href":"http:\/\/www.fontur.gob.ve\/index.php?rest_route=\/wp\/v2\/posts"}],"about":[{"href":"http:\/\/www.fontur.gob.ve\/index.php?rest_route=\/wp\/v2\/types\/post"}],"author":[{"embeddable":true,"href":"http:\/\/www.fontur.gob.ve\/index.php?rest_route=\/wp\/v2\/users\/4"}],"replies":[{"embeddable":true,"href":"http:\/\/www.fontur.gob.ve\/index.php?rest_route=%2Fwp%2Fv2%2Fcomments&post=15642"}],"version-history":[{"count":1,"href":"http:\/\/www.fontur.gob.ve\/index.php?rest_route=\/wp\/v2\/posts\/15642\/revisions"}],"predecessor-version":[{"id":15649,"href":"http:\/\/www.fontur.gob.ve\/index.php?rest_route=\/wp\/v2\/posts\/15642\/revisions\/15649"}],"wp:featuredmedia":[{"embeddable":true,"href":"http:\/\/www.fontur.gob.ve\/index.php?rest_route=\/wp\/v2\/media\/15643"}],"wp:attachment":[{"href":"http:\/\/www.fontur.gob.ve\/index.php?rest_route=%2Fwp%2Fv2%2Fmedia&parent=15642"}],"wp:term":[{"taxonomy":"category","embeddable":true,"href":"http:\/\/www.fontur.gob.ve\/index.php?rest_route=%2Fwp%2Fv2%2Fcategories&post=15642"},{"taxonomy":"post_tag","embeddable":true,"href":"http:\/\/www.fontur.gob.ve\/index.php?rest_route=%2Fwp%2Fv2%2Ftags&post=15642"}],"curies":[{"name":"wp","href":"https:\/\/api.w.org\/{rel}","templated":true}]}}