{"id":15628,"date":"2025-09-04T16:11:02","date_gmt":"2025-09-04T22:11:02","guid":{"rendered":"http:\/\/www.fontur.gob.ve\/?p=15628"},"modified":"2025-09-04T18:03:49","modified_gmt":"2025-09-05T00:03:49","slug":"fontur-celebra-34-aniversario-con-misa-conmemorativa","status":"publish","type":"post","link":"http:\/\/www.fontur.gob.ve\/?p=15628","title":{"rendered":"Fontur celebra 34 Aniversario con Misa conmemorativa"},"content":{"rendered":"<p style=\"text-align: justify;\">El Presidente Ejecutivo de la Fundaci\u00f3n Fondo Nacional de Transporte Urbano (Fontur), Guillermo Eloy Sulbar\u00e1n Castillo y su clase trabajadora conmemoraron este jueves 04 de septiembre una misa conmemorativa en el marco de la celebraci\u00f3n del Trig\u00e9simo Cuarto Aniversario de la Fundaci\u00f3n.<\/p>\n<p style=\"text-align: justify;\">El encuentro fue dirigido por el sacerdote Jesuita y Periodista, Jos\u00e9 Numa Molina Garc\u00eda, fue quien ofici\u00f3 la Celebraci\u00f3n Eucar\u00edstica en la sede de Fontur, en Presidencia, donde trabajadores activos y jubilados, estuvieron presentes a partir de las 9.00 de la ma\u00f1ana.<br \/>\nEl padre Numa Molina expres\u00f3 que \u201csiente mucha alegr\u00eda al estar en la instituci\u00f3n, compartiendo con la familia de Fontur en su Aniversario n\u00famero 34\u201d.<\/p>\n<p style=\"text-align: justify;\">\u201cRemar m\u00e1s adentro, no quedarse en la orilla\u201d, fue la palabra del d\u00eda del sacerdote para los trabajadores de Fontur. Hizo referencia a personas que han pasado por la Fundaci\u00f3n, d\u00e1ndolo todo. \u201cNo hay Revoluci\u00f3n, ni revolucionario sin entrega. Jes\u00fas entreg\u00f3 todo, hay que arriesgarse para obtener las cosas anheladas, para cumplir sus sue\u00f1os\u201d, enfatiz\u00f3.<\/p>\n<p style=\"text-align: justify;\">Por su parte, el Presidente Ejecutivo de Fontur dio las gracias al padre Numa Molina por haber aceptado la invitaci\u00f3n a nuestra instituci\u00f3n. Agregando que \u00e9sta es su casa, \u201cgracias por las bendiciones a la gran familia de Fontur, los buenos deseos al sector transporte, que sumemos m\u00e1s a\u00f1os con muchos \u00e9xitos\u201d.<\/p>\n<p style=\"text-align: justify;\">Es importante resaltar, que en todas las regiones del pa\u00eds, las Coordinaciones Territoriales de Fontur tambi\u00e9n realizaron sus encuentros eucar\u00edsticos, sum\u00e1ndose as\u00ed a esta gran celebraci\u00f3n.<br \/>\n\u00a1En Fontur vamos por m\u00e1s, con la bendici\u00f3n de Dios!<\/p>\n","protected":false},"excerpt":{"rendered":"<p>El Presidente Ejecutivo de la Fundaci\u00f3n Fondo Nacional de Transporte Urbano (Fontur), Guillermo Eloy Sulbar\u00e1n Castillo y su clase trabajadora conmemoraron este jueves 04 de septiembre una misa conmemorativa en <a class=\"more-link\" href=\"http:\/\/www.fontur.gob.ve\/?p=15628\">Leer M\u00e1s \u2192<\/a><\/p>\n","protected":false},"author":4,"featured_media":15640,"comment_status":"closed","ping_status":"closed","sticky":false,"template":"","format":"standard","meta":{"ngg_post_thumbnail":0,"footnotes":""},"categories":[4],"tags":[],"class_list":["post-15628","post","type-post","status-publish","format-standard","has-post-thumbnail","hentry","category-destacados"],"_links":{"self":[{"href":"http:\/\/www.fontur.gob.ve\/index.php?rest_route=\/wp\/v2\/posts\/15628","targetHints":{"allow":["GET"]}}],"collection":[{"href":"http:\/\/www.fontur.gob.ve\/index.php?rest_route=\/wp\/v2\/posts"}],"about":[{"href":"http:\/\/www.fontur.gob.ve\/index.php?rest_route=\/wp\/v2\/types\/post"}],"author":[{"embeddable":true,"href":"http:\/\/www.fontur.gob.ve\/index.php?rest_route=\/wp\/v2\/users\/4"}],"replies":[{"embeddable":true,"href":"http:\/\/www.fontur.gob.ve\/index.php?rest_route=%2Fwp%2Fv2%2Fcomments&post=15628"}],"version-history":[{"count":4,"href":"http:\/\/www.fontur.gob.ve\/index.php?rest_route=\/wp\/v2\/posts\/15628\/revisions"}],"predecessor-version":[{"id":15641,"href":"http:\/\/www.fontur.gob.ve\/index.php?rest_route=\/wp\/v2\/posts\/15628\/revisions\/15641"}],"wp:featuredmedia":[{"embeddable":true,"href":"http:\/\/www.fontur.gob.ve\/index.php?rest_route=\/wp\/v2\/media\/15640"}],"wp:attachment":[{"href":"http:\/\/www.fontur.gob.ve\/index.php?rest_route=%2Fwp%2Fv2%2Fmedia&parent=15628"}],"wp:term":[{"taxonomy":"category","embeddable":true,"href":"http:\/\/www.fontur.gob.ve\/index.php?rest_route=%2Fwp%2Fv2%2Fcategories&post=15628"},{"taxonomy":"post_tag","embeddable":true,"href":"http:\/\/www.fontur.gob.ve\/index.php?rest_route=%2Fwp%2Fv2%2Ftags&post=15628"}],"curies":[{"name":"wp","href":"https:\/\/api.w.org\/{rel}","templated":true}]}}