{"id":15609,"date":"2025-08-29T13:09:22","date_gmt":"2025-08-29T19:09:22","guid":{"rendered":"http:\/\/www.fontur.gob.ve\/?p=15609"},"modified":"2025-08-29T13:15:00","modified_gmt":"2025-08-29T19:15:00","slug":"fontur-en-la-calle-propone-la-creacion-de-la-escuela-de-directores-de-transporte-desde-fontur","status":"publish","type":"post","link":"http:\/\/www.fontur.gob.ve\/?p=15609","title":{"rendered":"Fontur en la Calle: propone la creaci\u00f3n de la Escuela de Directores de Transporte desde Fontur"},"content":{"rendered":"<p style=\"text-align: justify;\">Este viernes 29 de agosto, en el programa radial \u201cFontur en la Calle\u201d N\u00b087 que se transmite en YVKE Mundial, tuvimos un interesante encuentro con nuestros invitados especiales sobre la historia de Fontur, a prop\u00f3sito de celebrarse el trig\u00e9simo cuarto aniversario de la Fundaci\u00f3n.<br \/>\nBajo la conducci\u00f3n del Presidente de Fontur, Guillermo Eloy Sulbar\u00e1n Castillo, en esta oportunidad estuvieron presentes en el programa de radio el Dr. N\u00e9stor Chac\u00f3n y el Urbanista Jonathan Molina, quienes conversaron sobre la importancia de la \u00abgeneraci\u00f3n de relevo\u00bb y de c\u00f3mo Fontur a lo largo de los a\u00f1os ha fomentado el desarrollo y la formaci\u00f3n de los trabajadores Fonture\u00f1os. \u201cEsa es la riqueza de la instituci\u00f3n\u201d, dijo Sulbar\u00e1n Castillo.<br \/>\nEl Dr. Nestor Chac\u00f3n, quien adem\u00e1s es personal jubilado, narr\u00f3 su desarrollo laboral en la Fundaci\u00f3n y coment\u00f3 que su tesis doctoral est\u00e1 basada en la jubilaci\u00f3n y en sus a\u00f1os de servicios en Fontur.<br \/>\nChac\u00f3n tambi\u00e9n habl\u00f3 sobre los grandes cambios que ocurrieron a finales del siglo pasado para reordenar el transporte p\u00fablico en Venezuela, sobre los planes y proyectos, que incluyeron a muchas personas de diversos pa\u00edses y que fomentaron un gran avance hacia a la actualidad.<br \/>\nPor su parte, Jonathan Molina, Coordinador de la Oficina de Atenci\u00f3n Ciudadana de Fontur, habl\u00f3 del objetivo y la importancia que ha tenido el Centro de Informaci\u00f3n y Documentaci\u00f3n de Fontur en el desarrollo de transporte del pa\u00eds, el cual se fund\u00f3 6 a\u00f1os despu\u00e9s de la inauguraci\u00f3n de la instituci\u00f3n. Actualmente, se est\u00e1 remodelando la infraestructura del CIDT y la digitalizaci\u00f3n de todos los documentos.<br \/>\nPara cerrar el programa, el Presidente Ejecutivo de Fontur enfatiz\u00f3 sobre la importancia de la formaci\u00f3n profesional de los trabajadores y propuso la creaci\u00f3n de la Escuela de Directores de Transporte desde Fontur, con la participaci\u00f3n de ambos invitados.<\/p>\n\n\t\t<style type=\"text\/css\">\n\t\t\t#gallery-1 {\n\t\t\t\tmargin: auto;\n\t\t\t}\n\t\t\t#gallery-1 .gallery-item {\n\t\t\t\tfloat: left;\n\t\t\t\tmargin-top: 10px;\n\t\t\t\ttext-align: center;\n\t\t\t\twidth: 33%;\n\t\t\t}\n\t\t\t#gallery-1 img {\n\t\t\t\tborder: 2px solid #cfcfcf;\n\t\t\t}\n\t\t\t#gallery-1 .gallery-caption {\n\t\t\t\tmargin-left: 0;\n\t\t\t}\n\t\t\t\/* see gallery_shortcode() in wp-includes\/media.php *\/\n\t\t<\/style>\n\t\t<div id='gallery-1' class='gallery galleryid-15609 gallery-columns-3 gallery-size-thumbnail'><dl class='gallery-item'>\n\t\t\t<dt class='gallery-icon landscape'>\n\t\t\t\t<a href='http:\/\/www.fontur.gob.ve\/?attachment_id=15610#main'><img loading=\"lazy\" decoding=\"async\" width=\"150\" height=\"150\" src=\"http:\/\/www.fontur.gob.ve\/wp-content\/uploads\/2025\/08\/photo_2025-08-29_10-50-35-2-150x150.jpg\" class=\"attachment-thumbnail size-thumbnail\" alt=\"\" \/><\/a>\n\t\t\t<\/dt><\/dl><dl class='gallery-item'>\n\t\t\t<dt class='gallery-icon landscape'>\n\t\t\t\t<a href='http:\/\/www.fontur.gob.ve\/?attachment_id=15611#main'><img loading=\"lazy\" decoding=\"async\" width=\"150\" height=\"150\" src=\"http:\/\/www.fontur.gob.ve\/wp-content\/uploads\/2025\/08\/photo_2025-08-29_10-50-35-150x150.jpg\" class=\"attachment-thumbnail size-thumbnail\" alt=\"\" \/><\/a>\n\t\t\t<\/dt><\/dl><dl class='gallery-item'>\n\t\t\t<dt class='gallery-icon landscape'>\n\t\t\t\t<a href='http:\/\/www.fontur.gob.ve\/?attachment_id=15612#main'><img loading=\"lazy\" decoding=\"async\" width=\"150\" height=\"150\" src=\"http:\/\/www.fontur.gob.ve\/wp-content\/uploads\/2025\/08\/photo_2025-08-29_10-50-58-2-150x150.jpg\" class=\"attachment-thumbnail size-thumbnail\" alt=\"\" \/><\/a>\n\t\t\t<\/dt><\/dl><br style=\"clear: both\" \/>\n\t\t<\/div>\n\n","protected":false},"excerpt":{"rendered":"<p>Este viernes 29 de agosto, en el programa radial \u201cFontur en la Calle\u201d N\u00b087 que se transmite en YVKE Mundial, tuvimos un interesante encuentro con nuestros invitados especiales sobre la <a class=\"more-link\" href=\"http:\/\/www.fontur.gob.ve\/?p=15609\">Leer M\u00e1s \u2192<\/a><\/p>\n","protected":false},"author":4,"featured_media":15615,"comment_status":"closed","ping_status":"closed","sticky":false,"template":"","format":"standard","meta":{"ngg_post_thumbnail":0,"footnotes":""},"categories":[4],"tags":[],"class_list":["post-15609","post","type-post","status-publish","format-standard","has-post-thumbnail","hentry","category-destacados"],"_links":{"self":[{"href":"http:\/\/www.fontur.gob.ve\/index.php?rest_route=\/wp\/v2\/posts\/15609","targetHints":{"allow":["GET"]}}],"collection":[{"href":"http:\/\/www.fontur.gob.ve\/index.php?rest_route=\/wp\/v2\/posts"}],"about":[{"href":"http:\/\/www.fontur.gob.ve\/index.php?rest_route=\/wp\/v2\/types\/post"}],"author":[{"embeddable":true,"href":"http:\/\/www.fontur.gob.ve\/index.php?rest_route=\/wp\/v2\/users\/4"}],"replies":[{"embeddable":true,"href":"http:\/\/www.fontur.gob.ve\/index.php?rest_route=%2Fwp%2Fv2%2Fcomments&post=15609"}],"version-history":[{"count":1,"href":"http:\/\/www.fontur.gob.ve\/index.php?rest_route=\/wp\/v2\/posts\/15609\/revisions"}],"predecessor-version":[{"id":15614,"href":"http:\/\/www.fontur.gob.ve\/index.php?rest_route=\/wp\/v2\/posts\/15609\/revisions\/15614"}],"wp:featuredmedia":[{"embeddable":true,"href":"http:\/\/www.fontur.gob.ve\/index.php?rest_route=\/wp\/v2\/media\/15615"}],"wp:attachment":[{"href":"http:\/\/www.fontur.gob.ve\/index.php?rest_route=%2Fwp%2Fv2%2Fmedia&parent=15609"}],"wp:term":[{"taxonomy":"category","embeddable":true,"href":"http:\/\/www.fontur.gob.ve\/index.php?rest_route=%2Fwp%2Fv2%2Fcategories&post=15609"},{"taxonomy":"post_tag","embeddable":true,"href":"http:\/\/www.fontur.gob.ve\/index.php?rest_route=%2Fwp%2Fv2%2Ftags&post=15609"}],"curies":[{"name":"wp","href":"https:\/\/api.w.org\/{rel}","templated":true}]}}