{"id":15596,"date":"2025-08-25T08:30:47","date_gmt":"2025-08-25T14:30:47","guid":{"rendered":"http:\/\/www.fontur.gob.ve\/?p=15596"},"modified":"2025-08-25T08:30:47","modified_gmt":"2025-08-25T14:30:47","slug":"redes-sociales-una-forma-de-vivir","status":"publish","type":"post","link":"http:\/\/www.fontur.gob.ve\/?p=15596","title":{"rendered":"REDES SOCIALES: UNA FORMA DE VIVIR"},"content":{"rendered":"<div id=\"gallery-1\" class=\"gallery galleryid-58355 gallery-columns-7 gallery-size-thumbnail\">\n<p style=\"text-align: justify;\">El pasado viernes 22 de agosto, el Presidente de la Fundaci\u00f3n Fondo Nacional de Transporte Urbano, Guillermo Eloy Sulbar\u00e1n Castillo, invit\u00f3 a la clase trabajadora de la instituci\u00f3n a participar en el \u201cViernes Patri\u00f3tico\u201d, con el Conversatorio: \u00abRedes Sociales. Una forma de Vivir\u00bb.<\/p>\n<p style=\"text-align: justify;\">La actividad se desarroll\u00f3 en el sal\u00f3n de usos m\u00faltiples \u201cSal\u00f3n Araguaney\u201d, con la participaci\u00f3n del ponente invitado, el experto en redes sociales, C\u00e9sar Su\u00e1rez.<\/p>\n<p style=\"text-align: justify;\">Su\u00e1rez habl\u00f3 de importancia y del impacto que conllevan en el d\u00eda a d\u00eda de las personas, a nivel mundial.<\/p>\n<p style=\"text-align: justify;\">Tambi\u00e9n expres\u00f3 que es una herramienta muy importante en la actualidad, ya que las Redes Sociales son estructuras formadas en internet por personas u organizaciones que se conectan a partir de intereses comunes; permitiendo siempre el intercambio de informaci\u00f3n entre personas y\/o empresas.<\/p>\n<p style=\"text-align: justify;\">\u201cEl Instagram y el Facebook son las plataformas m\u00e1s usadas en el 2025 por millones de usuarios, el mundo gira alrededor de ellas. Tiktok es la aplicaci\u00f3n que revolucion\u00f3 al mundo, es la quinta aplicaci\u00f3n usada a nivel mundial\u201d, destac\u00f3 el expertoen redes.<\/p>\n<p style=\"text-align: justify;\">Cabe destacar, que tambi\u00e9n inform\u00f3 sobre el marketing pol\u00edtico. Detall\u00f3 que es de suma importancia para una naci\u00f3n, ya que aplica t\u00e9cnicas de mercadeo al \u00e1mbito pol\u00edtico para fortalecer la relaci\u00f3n entre un candidato u organizaci\u00f3n y su electorado, buscando posicionar su imagen, movilizar el voto, construir un mensaje coherente y generar lealtad mediante estrategias de comunicaci\u00f3n efectivas y la adaptaci\u00f3n al contexto pol\u00edtico y social.<\/p>\n<p style=\"text-align: justify;\">Sus objetivos principales son: crear una reputaci\u00f3n favorable, motivar la participaci\u00f3n ciudadana, desarrollar un mensaje claro y vincularse emocionalmente con los votantes. Cada d\u00eda, vamos innovando en el tema comunicacional. Estamos en la era digital, lugar tecnol\u00f3gico, donde las personas pueden informarse en tiempo real y ver\u00e1z.<\/p>\n\n\t\t<style type=\"text\/css\">\n\t\t\t#gallery-1 {\n\t\t\t\tmargin: auto;\n\t\t\t}\n\t\t\t#gallery-1 .gallery-item {\n\t\t\t\tfloat: left;\n\t\t\t\tmargin-top: 10px;\n\t\t\t\ttext-align: center;\n\t\t\t\twidth: 14%;\n\t\t\t}\n\t\t\t#gallery-1 img {\n\t\t\t\tborder: 2px solid #cfcfcf;\n\t\t\t}\n\t\t\t#gallery-1 .gallery-caption {\n\t\t\t\tmargin-left: 0;\n\t\t\t}\n\t\t\t\/* see gallery_shortcode() in wp-includes\/media.php *\/\n\t\t<\/style>\n\t\t<div id='gallery-1' class='gallery galleryid-15596 gallery-columns-7 gallery-size-thumbnail'><dl class='gallery-item'>\n\t\t\t<dt class='gallery-icon landscape'>\n\t\t\t\t<a href='http:\/\/www.fontur.gob.ve\/?attachment_id=15597#main'><img loading=\"lazy\" decoding=\"async\" width=\"150\" height=\"150\" src=\"http:\/\/www.fontur.gob.ve\/wp-content\/uploads\/2025\/08\/photo_4992256461027520398_y-150x150.jpg\" class=\"attachment-thumbnail size-thumbnail\" alt=\"\" \/><\/a>\n\t\t\t<\/dt><\/dl><dl class='gallery-item'>\n\t\t\t<dt class='gallery-icon landscape'>\n\t\t\t\t<a href='http:\/\/www.fontur.gob.ve\/?attachment_id=15598#main'><img loading=\"lazy\" decoding=\"async\" width=\"150\" height=\"150\" src=\"http:\/\/www.fontur.gob.ve\/wp-content\/uploads\/2025\/08\/photo_4992256461027520399_y-150x150.jpg\" class=\"attachment-thumbnail size-thumbnail\" alt=\"\" \/><\/a>\n\t\t\t<\/dt><\/dl><dl class='gallery-item'>\n\t\t\t<dt class='gallery-icon landscape'>\n\t\t\t\t<a href='http:\/\/www.fontur.gob.ve\/?attachment_id=15599#main'><img loading=\"lazy\" decoding=\"async\" width=\"150\" height=\"150\" src=\"http:\/\/www.fontur.gob.ve\/wp-content\/uploads\/2025\/08\/photo_4992256461027520400_y-150x150.jpg\" class=\"attachment-thumbnail size-thumbnail\" alt=\"\" \/><\/a>\n\t\t\t<\/dt><\/dl><dl class='gallery-item'>\n\t\t\t<dt class='gallery-icon landscape'>\n\t\t\t\t<a href='http:\/\/www.fontur.gob.ve\/?attachment_id=15600#main'><img loading=\"lazy\" decoding=\"async\" width=\"150\" height=\"150\" src=\"http:\/\/www.fontur.gob.ve\/wp-content\/uploads\/2025\/08\/photo_4992256461027520401_y-150x150.jpg\" class=\"attachment-thumbnail size-thumbnail\" alt=\"\" \/><\/a>\n\t\t\t<\/dt><\/dl><dl class='gallery-item'>\n\t\t\t<dt class='gallery-icon landscape'>\n\t\t\t\t<a href='http:\/\/www.fontur.gob.ve\/?attachment_id=15601#main'><img loading=\"lazy\" decoding=\"async\" width=\"150\" height=\"150\" src=\"http:\/\/www.fontur.gob.ve\/wp-content\/uploads\/2025\/08\/photo_4992256461027520402_y-150x150.jpg\" class=\"attachment-thumbnail size-thumbnail\" alt=\"\" \/><\/a>\n\t\t\t<\/dt><\/dl><dl class='gallery-item'>\n\t\t\t<dt class='gallery-icon landscape'>\n\t\t\t\t<a href='http:\/\/www.fontur.gob.ve\/?attachment_id=15602#main'><img loading=\"lazy\" decoding=\"async\" width=\"150\" height=\"150\" src=\"http:\/\/www.fontur.gob.ve\/wp-content\/uploads\/2025\/08\/photo_4992256461027520403_y-150x150.jpg\" class=\"attachment-thumbnail size-thumbnail\" alt=\"\" \/><\/a>\n\t\t\t<\/dt><\/dl><dl class='gallery-item'>\n\t\t\t<dt class='gallery-icon landscape'>\n\t\t\t\t<a href='http:\/\/www.fontur.gob.ve\/?attachment_id=15603#main'><img loading=\"lazy\" decoding=\"async\" width=\"150\" height=\"150\" src=\"http:\/\/www.fontur.gob.ve\/wp-content\/uploads\/2025\/08\/photo_4992256461027520411_y-150x150.jpg\" class=\"attachment-thumbnail size-thumbnail\" alt=\"\" \/><\/a>\n\t\t\t<\/dt><\/dl><br style=\"clear: both\" \/>\n\t\t<\/div>\n\n<div id=\"gallery-1\" class=\"gallery galleryid-58355 gallery-columns-7 gallery-size-thumbnail\" style=\"text-align: justify;\">&nbsp;<\/div>\n<\/div>\n","protected":false},"excerpt":{"rendered":"<p>El pasado viernes 22 de agosto, el Presidente de la Fundaci\u00f3n Fondo Nacional de Transporte Urbano, Guillermo Eloy Sulbar\u00e1n Castillo, invit\u00f3 a la clase trabajadora de la instituci\u00f3n a participar <a class=\"more-link\" href=\"http:\/\/www.fontur.gob.ve\/?p=15596\">Leer M\u00e1s \u2192<\/a><\/p>\n","protected":false},"author":4,"featured_media":15604,"comment_status":"closed","ping_status":"closed","sticky":false,"template":"","format":"standard","meta":{"ngg_post_thumbnail":0,"footnotes":""},"categories":[5],"tags":[],"class_list":["post-15596","post","type-post","status-publish","format-standard","has-post-thumbnail","hentry","category-noticias"],"_links":{"self":[{"href":"http:\/\/www.fontur.gob.ve\/index.php?rest_route=\/wp\/v2\/posts\/15596","targetHints":{"allow":["GET"]}}],"collection":[{"href":"http:\/\/www.fontur.gob.ve\/index.php?rest_route=\/wp\/v2\/posts"}],"about":[{"href":"http:\/\/www.fontur.gob.ve\/index.php?rest_route=\/wp\/v2\/types\/post"}],"author":[{"embeddable":true,"href":"http:\/\/www.fontur.gob.ve\/index.php?rest_route=\/wp\/v2\/users\/4"}],"replies":[{"embeddable":true,"href":"http:\/\/www.fontur.gob.ve\/index.php?rest_route=%2Fwp%2Fv2%2Fcomments&post=15596"}],"version-history":[{"count":3,"href":"http:\/\/www.fontur.gob.ve\/index.php?rest_route=\/wp\/v2\/posts\/15596\/revisions"}],"predecessor-version":[{"id":15607,"href":"http:\/\/www.fontur.gob.ve\/index.php?rest_route=\/wp\/v2\/posts\/15596\/revisions\/15607"}],"wp:featuredmedia":[{"embeddable":true,"href":"http:\/\/www.fontur.gob.ve\/index.php?rest_route=\/wp\/v2\/media\/15604"}],"wp:attachment":[{"href":"http:\/\/www.fontur.gob.ve\/index.php?rest_route=%2Fwp%2Fv2%2Fmedia&parent=15596"}],"wp:term":[{"taxonomy":"category","embeddable":true,"href":"http:\/\/www.fontur.gob.ve\/index.php?rest_route=%2Fwp%2Fv2%2Fcategories&post=15596"},{"taxonomy":"post_tag","embeddable":true,"href":"http:\/\/www.fontur.gob.ve\/index.php?rest_route=%2Fwp%2Fv2%2Ftags&post=15596"}],"curies":[{"name":"wp","href":"https:\/\/api.w.org\/{rel}","templated":true}]}}