{"id":15579,"date":"2025-08-21T09:45:59","date_gmt":"2025-08-21T15:45:59","guid":{"rendered":"http:\/\/www.fontur.gob.ve\/?p=15579"},"modified":"2025-08-21T13:01:42","modified_gmt":"2025-08-21T19:01:42","slug":"fontur-en-la-calle-participo-en-mega-jornada-en-la-estacion-de-servicio-las-maravillas","status":"publish","type":"post","link":"http:\/\/www.fontur.gob.ve\/?p=15579","title":{"rendered":"\u201cFONTUR EN LA CALLE\u201d PARTICIP\u00d3 EN MEGA JORNADA EN LA ESTACI\u00d3N DE SERVICIO LAS MARAVILLAS"},"content":{"rendered":"<p style=\"text-align: justify;\">Este mi\u00e9rcoles \u201cFontur en la Calle\u201d estuvo presente en la Jornada Especial de Atenci\u00f3n al Transportista efectuada en la Estaci\u00f3n de Servicio Las Maravillas (Texaco), ubicada al oeste de la ciudad, espec\u00edficamente en la parroquia Caricuao, con la presencia del Presidente Ejecutivo de Fontur, Guillermo Eloy Sulbar\u00e1n Castillo.<\/p>\n<p style=\"text-align: justify;\">Sulbar\u00e1n Castillo invit\u00f3 a los transportistas a participar en las jornadas \u201cFontur en la Calle\u201d en el \u00e1mbito nacional. En esta oportunidad, nuestro equipo estuvo acompa\u00f1ado por funcionarios del Instituto Nacional de Tr\u00e1nsito Terrestre (<strong>INTT<\/strong>), quienes realizaron tr\u00e1mites de licencias (primera vez y renovaciones), traspasos, certificados m\u00e9dicos viales.<\/p>\n<p style=\"text-align: justify;\">Tambi\u00e9n, estuvo la Superintendencia Municipal de Administraci\u00f3n y Recaudaci\u00f3n (<strong>SUMAR<\/strong>) ofreciendo informaci\u00f3n de: impuestos sobre actividades econ\u00f3micas, propaganda y publicidad comercial, autorizaci\u00f3n para el expendio de bebidas alcoh\u00f3licas, impuestos sobre inmuebles urbanos y veh\u00edculos, tasa de aseo urbano, entre otros.<\/p>\n<p style=\"text-align: justify;\">El equipo de Fontur en la Calle brind\u00f3 asesor\u00eda en materia de transporte a Presidentes, socios y avances. Se encarg\u00f3 de actualizar datos en la plataforma Patria, verific\u00f3 informaci\u00f3n, documentaci\u00f3n de unidades de transporte, y de igual manera supervis\u00f3 la operatividad y el estado de cada una de ellas, para el cumplimiento del servicio a los usuarios.<\/p>\n<p style=\"text-align: justify;\">Adem\u00e1s, todos los asistentes contaron con atenci\u00f3n m\u00e9dica primaria con personal de Fontur; as\u00ed como tambi\u00e9n con venta de insumos, accesorios y repuestos para veh\u00edculos en La Tienda del Transportista.<\/p>\n\n\t\t<style type=\"text\/css\">\n\t\t\t#gallery-1 {\n\t\t\t\tmargin: auto;\n\t\t\t}\n\t\t\t#gallery-1 .gallery-item {\n\t\t\t\tfloat: left;\n\t\t\t\tmargin-top: 10px;\n\t\t\t\ttext-align: center;\n\t\t\t\twidth: 14%;\n\t\t\t}\n\t\t\t#gallery-1 img {\n\t\t\t\tborder: 2px solid #cfcfcf;\n\t\t\t}\n\t\t\t#gallery-1 .gallery-caption {\n\t\t\t\tmargin-left: 0;\n\t\t\t}\n\t\t\t\/* see gallery_shortcode() in wp-includes\/media.php *\/\n\t\t<\/style>\n\t\t<div id='gallery-1' class='gallery galleryid-15579 gallery-columns-7 gallery-size-thumbnail'><dl class='gallery-item'>\n\t\t\t<dt class='gallery-icon landscape'>\n\t\t\t\t<a href='http:\/\/www.fontur.gob.ve\/?attachment_id=15581#main'><img loading=\"lazy\" decoding=\"async\" width=\"150\" height=\"150\" src=\"http:\/\/www.fontur.gob.ve\/wp-content\/uploads\/2025\/08\/photo_2025-08-20_16-05-46-1-150x150.jpg\" class=\"attachment-thumbnail size-thumbnail\" alt=\"\" \/><\/a>\n\t\t\t<\/dt><\/dl><dl class='gallery-item'>\n\t\t\t<dt class='gallery-icon landscape'>\n\t\t\t\t<a href='http:\/\/www.fontur.gob.ve\/?attachment_id=15583#main'><img loading=\"lazy\" decoding=\"async\" width=\"150\" height=\"150\" src=\"http:\/\/www.fontur.gob.ve\/wp-content\/uploads\/2025\/08\/photo_2025-08-20_09-54-43-1-150x150.jpg\" class=\"attachment-thumbnail size-thumbnail\" alt=\"\" \/><\/a>\n\t\t\t<\/dt><\/dl><dl class='gallery-item'>\n\t\t\t<dt class='gallery-icon portrait'>\n\t\t\t\t<a href='http:\/\/www.fontur.gob.ve\/?attachment_id=15584#main'><img loading=\"lazy\" decoding=\"async\" width=\"150\" height=\"150\" src=\"http:\/\/www.fontur.gob.ve\/wp-content\/uploads\/2025\/08\/photo_2025-08-20_09-01-13-1-150x150.jpg\" class=\"attachment-thumbnail size-thumbnail\" alt=\"\" \/><\/a>\n\t\t\t<\/dt><\/dl><dl class='gallery-item'>\n\t\t\t<dt class='gallery-icon landscape'>\n\t\t\t\t<a href='http:\/\/www.fontur.gob.ve\/?attachment_id=15585#main'><img loading=\"lazy\" decoding=\"async\" width=\"150\" height=\"150\" src=\"http:\/\/www.fontur.gob.ve\/wp-content\/uploads\/2025\/08\/photo_2025-08-20_08-38-42-2-1-150x150.jpg\" class=\"attachment-thumbnail size-thumbnail\" alt=\"\" \/><\/a>\n\t\t\t<\/dt><\/dl><dl class='gallery-item'>\n\t\t\t<dt class='gallery-icon landscape'>\n\t\t\t\t<a href='http:\/\/www.fontur.gob.ve\/?attachment_id=15586#main'><img loading=\"lazy\" decoding=\"async\" width=\"150\" height=\"150\" src=\"http:\/\/www.fontur.gob.ve\/wp-content\/uploads\/2025\/08\/photo_2025-08-20_08-14-33-1-150x150.jpg\" class=\"attachment-thumbnail size-thumbnail\" alt=\"\" \/><\/a>\n\t\t\t<\/dt><\/dl><dl class='gallery-item'>\n\t\t\t<dt class='gallery-icon portrait'>\n\t\t\t\t<a href='http:\/\/www.fontur.gob.ve\/?attachment_id=15587#main'><img loading=\"lazy\" decoding=\"async\" width=\"150\" height=\"150\" src=\"http:\/\/www.fontur.gob.ve\/wp-content\/uploads\/2025\/08\/photo_2025-08-20_08-00-25-2-2-150x150.jpg\" class=\"attachment-thumbnail size-thumbnail\" alt=\"\" \/><\/a>\n\t\t\t<\/dt><\/dl><dl class='gallery-item'>\n\t\t\t<dt class='gallery-icon landscape'>\n\t\t\t\t<a href='http:\/\/www.fontur.gob.ve\/?attachment_id=15582#main'><img loading=\"lazy\" decoding=\"async\" width=\"150\" height=\"150\" src=\"http:\/\/www.fontur.gob.ve\/wp-content\/uploads\/2025\/08\/photo_2025-08-20_13-10-33-1-150x150.jpg\" class=\"attachment-thumbnail size-thumbnail\" alt=\"\" \/><\/a>\n\t\t\t<\/dt><\/dl><br style=\"clear: both\" \/>\n\t\t<\/div>\n\n","protected":false},"excerpt":{"rendered":"<p>Este mi\u00e9rcoles \u201cFontur en la Calle\u201d estuvo presente en la Jornada Especial de Atenci\u00f3n al Transportista efectuada en la Estaci\u00f3n de Servicio Las Maravillas (Texaco), ubicada al oeste de la <a class=\"more-link\" href=\"http:\/\/www.fontur.gob.ve\/?p=15579\">Leer M\u00e1s \u2192<\/a><\/p>\n","protected":false},"author":4,"featured_media":15595,"comment_status":"closed","ping_status":"closed","sticky":false,"template":"","format":"standard","meta":{"ngg_post_thumbnail":0,"footnotes":""},"categories":[4],"tags":[],"class_list":["post-15579","post","type-post","status-publish","format-standard","has-post-thumbnail","hentry","category-destacados"],"_links":{"self":[{"href":"http:\/\/www.fontur.gob.ve\/index.php?rest_route=\/wp\/v2\/posts\/15579","targetHints":{"allow":["GET"]}}],"collection":[{"href":"http:\/\/www.fontur.gob.ve\/index.php?rest_route=\/wp\/v2\/posts"}],"about":[{"href":"http:\/\/www.fontur.gob.ve\/index.php?rest_route=\/wp\/v2\/types\/post"}],"author":[{"embeddable":true,"href":"http:\/\/www.fontur.gob.ve\/index.php?rest_route=\/wp\/v2\/users\/4"}],"replies":[{"embeddable":true,"href":"http:\/\/www.fontur.gob.ve\/index.php?rest_route=%2Fwp%2Fv2%2Fcomments&post=15579"}],"version-history":[{"count":4,"href":"http:\/\/www.fontur.gob.ve\/index.php?rest_route=\/wp\/v2\/posts\/15579\/revisions"}],"predecessor-version":[{"id":15594,"href":"http:\/\/www.fontur.gob.ve\/index.php?rest_route=\/wp\/v2\/posts\/15579\/revisions\/15594"}],"wp:featuredmedia":[{"embeddable":true,"href":"http:\/\/www.fontur.gob.ve\/index.php?rest_route=\/wp\/v2\/media\/15595"}],"wp:attachment":[{"href":"http:\/\/www.fontur.gob.ve\/index.php?rest_route=%2Fwp%2Fv2%2Fmedia&parent=15579"}],"wp:term":[{"taxonomy":"category","embeddable":true,"href":"http:\/\/www.fontur.gob.ve\/index.php?rest_route=%2Fwp%2Fv2%2Fcategories&post=15579"},{"taxonomy":"post_tag","embeddable":true,"href":"http:\/\/www.fontur.gob.ve\/index.php?rest_route=%2Fwp%2Fv2%2Ftags&post=15579"}],"curies":[{"name":"wp","href":"https:\/\/api.w.org\/{rel}","templated":true}]}}