{"id":15534,"date":"2025-08-15T16:03:11","date_gmt":"2025-08-15T22:03:11","guid":{"rendered":"http:\/\/www.fontur.gob.ve\/?p=15534"},"modified":"2025-08-15T16:14:25","modified_gmt":"2025-08-15T22:14:25","slug":"presidente-y-coordinadores-de-fontur-se-reunieron-para-estudiar-resultados-de-trabajos-en-el-sector-transporte-en-el-pais-2","status":"publish","type":"post","link":"http:\/\/www.fontur.gob.ve\/?p=15534","title":{"rendered":"Presidente y Coordinadores de Fontur se reunieron para estudiar resultados de trabajos en el sector transporte en el pa\u00eds"},"content":{"rendered":"<p style=\"text-align: justify;\">El Presidente Ejecutivo de Fontur, Guillermo Eloy Sulbar\u00e1n Castillo, exhort\u00f3 este martes 12 de agosto a los Coordinadores Territoriales de Fontur a activar jornadas de \u201cFontur en la Calle\u201d en todos los municipios del pa\u00eds.<\/p>\n<p style=\"text-align: justify;\">\u00abQuiero ver a los Coordinadores de cada estado de Venezuela organizando y realizando jornadas de Fontur en la Calle para darles respuestas cercanas a las exigencias de los transportistas y se les apruebe desde su regi\u00f3n su ingreso y registro al sistema Patria\u00bb inst\u00f3 Sulbar\u00e1n Castillo desde la sala de reuniones de presidencia de Fontur.<\/p>\n<p style=\"text-align: justify;\">Tambi\u00e9n les orden\u00f3 a informar en las redes sociales sobre los operativos de atenci\u00f3n especial y los avances en las soluciones ofrecidas a los conductores de buses, mototaxis y taxistas para contrarrestar las campa\u00f1as desinformativas que buscan generar descontento en los gremios de transporte.<\/p>\n<p style=\"text-align: justify;\">Por otra parte, expres\u00f3 que deben de efectuarse constantemente inspecciones a las unidades de las l\u00edneas de transporte y en mantener una data real de las personas registradas en el sistema Patria para atacar la corrupci\u00f3n en el suministro de combustible.<\/p>\n<p style=\"text-align: justify;\">Por otro lado, los Coordinadores de Fontur informaron sobre la cantidad de l\u00edneas de taxitas, mototaxistas y buses registrados en el sistema Patria.<\/p>\n\n\t\t<style type=\"text\/css\">\n\t\t\t#gallery-1 {\n\t\t\t\tmargin: auto;\n\t\t\t}\n\t\t\t#gallery-1 .gallery-item {\n\t\t\t\tfloat: left;\n\t\t\t\tmargin-top: 10px;\n\t\t\t\ttext-align: center;\n\t\t\t\twidth: 25%;\n\t\t\t}\n\t\t\t#gallery-1 img {\n\t\t\t\tborder: 2px solid #cfcfcf;\n\t\t\t}\n\t\t\t#gallery-1 .gallery-caption {\n\t\t\t\tmargin-left: 0;\n\t\t\t}\n\t\t\t\/* see gallery_shortcode() in wp-includes\/media.php *\/\n\t\t<\/style>\n\t\t<div id='gallery-1' class='gallery galleryid-15534 gallery-columns-4 gallery-size-thumbnail'><dl class='gallery-item'>\n\t\t\t<dt class='gallery-icon landscape'>\n\t\t\t\t<a href='http:\/\/www.fontur.gob.ve\/?attachment_id=15536'><img loading=\"lazy\" decoding=\"async\" width=\"150\" height=\"150\" src=\"http:\/\/www.fontur.gob.ve\/wp-content\/uploads\/2025\/08\/Cocinerito-150x150.jpg\" class=\"attachment-thumbnail size-thumbnail\" alt=\"\" \/><\/a>\n\t\t\t<\/dt><\/dl><dl class='gallery-item'>\n\t\t\t<dt class='gallery-icon landscape'>\n\t\t\t\t<a href='http:\/\/www.fontur.gob.ve\/?attachment_id=15538'><img loading=\"lazy\" decoding=\"async\" width=\"150\" height=\"150\" src=\"http:\/\/www.fontur.gob.ve\/wp-content\/uploads\/2025\/08\/photo_2025-08-12_10-54-53-150x150.jpg\" class=\"attachment-thumbnail size-thumbnail\" alt=\"\" \/><\/a>\n\t\t\t<\/dt><\/dl><dl class='gallery-item'>\n\t\t\t<dt class='gallery-icon landscape'>\n\t\t\t\t<a href='http:\/\/www.fontur.gob.ve\/?attachment_id=15542'><img loading=\"lazy\" decoding=\"async\" width=\"150\" height=\"150\" src=\"http:\/\/www.fontur.gob.ve\/wp-content\/uploads\/2025\/08\/photo_2025-08-12_10-55-19-150x150.jpg\" class=\"attachment-thumbnail size-thumbnail\" alt=\"\" \/><\/a>\n\t\t\t<\/dt><\/dl><dl class='gallery-item'>\n\t\t\t<dt class='gallery-icon landscape'>\n\t\t\t\t<a href='http:\/\/www.fontur.gob.ve\/?attachment_id=15543'><img loading=\"lazy\" decoding=\"async\" width=\"150\" height=\"150\" src=\"http:\/\/www.fontur.gob.ve\/wp-content\/uploads\/2025\/08\/photo_2025-08-12_10-56-23-150x150.jpg\" class=\"attachment-thumbnail size-thumbnail\" alt=\"\" \/><\/a>\n\t\t\t<\/dt><\/dl><br style=\"clear: both\" \/>\n\t\t<\/div>\n\n<p>&nbsp;<\/p>\n","protected":false},"excerpt":{"rendered":"<p>El Presidente Ejecutivo de Fontur, Guillermo Eloy Sulbar\u00e1n Castillo, exhort\u00f3 este martes 12 de agosto a los Coordinadores Territoriales de Fontur a activar jornadas de \u201cFontur en la Calle\u201d en <a class=\"more-link\" href=\"http:\/\/www.fontur.gob.ve\/?p=15534\">Leer M\u00e1s \u2192<\/a><\/p>\n","protected":false},"author":4,"featured_media":15553,"comment_status":"closed","ping_status":"closed","sticky":false,"template":"","format":"standard","meta":{"ngg_post_thumbnail":0,"footnotes":""},"categories":[4],"tags":[],"class_list":["post-15534","post","type-post","status-publish","format-standard","has-post-thumbnail","hentry","category-destacados"],"_links":{"self":[{"href":"http:\/\/www.fontur.gob.ve\/index.php?rest_route=\/wp\/v2\/posts\/15534","targetHints":{"allow":["GET"]}}],"collection":[{"href":"http:\/\/www.fontur.gob.ve\/index.php?rest_route=\/wp\/v2\/posts"}],"about":[{"href":"http:\/\/www.fontur.gob.ve\/index.php?rest_route=\/wp\/v2\/types\/post"}],"author":[{"embeddable":true,"href":"http:\/\/www.fontur.gob.ve\/index.php?rest_route=\/wp\/v2\/users\/4"}],"replies":[{"embeddable":true,"href":"http:\/\/www.fontur.gob.ve\/index.php?rest_route=%2Fwp%2Fv2%2Fcomments&post=15534"}],"version-history":[{"count":3,"href":"http:\/\/www.fontur.gob.ve\/index.php?rest_route=\/wp\/v2\/posts\/15534\/revisions"}],"predecessor-version":[{"id":15548,"href":"http:\/\/www.fontur.gob.ve\/index.php?rest_route=\/wp\/v2\/posts\/15534\/revisions\/15548"}],"wp:featuredmedia":[{"embeddable":true,"href":"http:\/\/www.fontur.gob.ve\/index.php?rest_route=\/wp\/v2\/media\/15553"}],"wp:attachment":[{"href":"http:\/\/www.fontur.gob.ve\/index.php?rest_route=%2Fwp%2Fv2%2Fmedia&parent=15534"}],"wp:term":[{"taxonomy":"category","embeddable":true,"href":"http:\/\/www.fontur.gob.ve\/index.php?rest_route=%2Fwp%2Fv2%2Fcategories&post=15534"},{"taxonomy":"post_tag","embeddable":true,"href":"http:\/\/www.fontur.gob.ve\/index.php?rest_route=%2Fwp%2Fv2%2Ftags&post=15534"}],"curies":[{"name":"wp","href":"https:\/\/api.w.org\/{rel}","templated":true}]}}