{"id":15525,"date":"2025-08-11T15:34:05","date_gmt":"2025-08-11T21:34:05","guid":{"rendered":"http:\/\/www.fontur.gob.ve\/?p=15525"},"modified":"2025-08-13T12:30:04","modified_gmt":"2025-08-13T18:30:04","slug":"trabajadores-de-fontur-rechazan-plan-de-violencia-y-terrorismo-del-gobierno-de-eeuu-contra-venezuela","status":"publish","type":"post","link":"http:\/\/www.fontur.gob.ve\/?p=15525","title":{"rendered":"Trabajadores de Fontur rechazan plan de violencia y terrorismo del gobierno de EEUU contra Venezuela"},"content":{"rendered":"<p style=\"text-align: justify;\">El personal de Fontur asisti\u00f3 este lunes 11 de agosto a la Gran Marcha Antiimperialista por la Paz y contra el Narcoterrorismo de la Ultraderecha Fascista.<\/p>\n<p style=\"text-align: justify;\">La movilizaci\u00f3n se desarroll\u00f3 desde el Parque Francisco de Miranda hasta la Avenida Jos\u00e9 Mart\u00ed.<\/p>\n<p style=\"text-align: justify;\">Con las banderas de Venezuela en mano el pueblo respalda al Presidente de la Rep\u00fablica, Nicol\u00e1s Maduro ante las amenazas de la oposici\u00f3n de perturbar la estabilidad y la paz en el pa\u00eds.<\/p>\n<p style=\"text-align: justify;\">Douglas Su\u00e1rez, trabajador de la gerencia de Recaudaci\u00f3n de Fontur, expres\u00f3 que el Mandatario Nacional est\u00e1 dando la cara ante las intenciones de pol\u00edticos de la derecha de llamar a una intervenci\u00f3n militar estadounidense.<\/p>\n<p style=\"text-align: justify;\">\u00a1Fonture\u00f1os unidos apoyando al Gobierno Bolivariano!<\/p>\n\n\t\t<style type=\"text\/css\">\n\t\t\t#gallery-1 {\n\t\t\t\tmargin: auto;\n\t\t\t}\n\t\t\t#gallery-1 .gallery-item {\n\t\t\t\tfloat: left;\n\t\t\t\tmargin-top: 10px;\n\t\t\t\ttext-align: center;\n\t\t\t\twidth: 33%;\n\t\t\t}\n\t\t\t#gallery-1 img {\n\t\t\t\tborder: 2px solid #cfcfcf;\n\t\t\t}\n\t\t\t#gallery-1 .gallery-caption {\n\t\t\t\tmargin-left: 0;\n\t\t\t}\n\t\t\t\/* see gallery_shortcode() in wp-includes\/media.php *\/\n\t\t<\/style>\n\t\t<div id='gallery-1' class='gallery galleryid-15525 gallery-columns-3 gallery-size-thumbnail'><dl class='gallery-item'>\n\t\t\t<dt class='gallery-icon landscape'>\n\t\t\t\t<a href='http:\/\/www.fontur.gob.ve\/?attachment_id=15526#main'><img loading=\"lazy\" decoding=\"async\" width=\"150\" height=\"150\" src=\"http:\/\/www.fontur.gob.ve\/wp-content\/uploads\/2025\/08\/photo_2025-08-11_16-35-39-150x150.jpg\" class=\"attachment-thumbnail size-thumbnail\" alt=\"\" \/><\/a>\n\t\t\t<\/dt><\/dl><dl class='gallery-item'>\n\t\t\t<dt class='gallery-icon landscape'>\n\t\t\t\t<a href='http:\/\/www.fontur.gob.ve\/?attachment_id=15527#main'><img loading=\"lazy\" decoding=\"async\" width=\"150\" height=\"150\" src=\"http:\/\/www.fontur.gob.ve\/wp-content\/uploads\/2025\/08\/photo_2025-08-11_16-35-40-2-150x150.jpg\" class=\"attachment-thumbnail size-thumbnail\" alt=\"\" \/><\/a>\n\t\t\t<\/dt><\/dl><dl class='gallery-item'>\n\t\t\t<dt class='gallery-icon landscape'>\n\t\t\t\t<a href='http:\/\/www.fontur.gob.ve\/?attachment_id=15528#main'><img loading=\"lazy\" decoding=\"async\" width=\"150\" height=\"150\" src=\"http:\/\/www.fontur.gob.ve\/wp-content\/uploads\/2025\/08\/photo_2025-08-11_16-35-38-2-150x150.jpg\" class=\"attachment-thumbnail size-thumbnail\" alt=\"\" \/><\/a>\n\t\t\t<\/dt><\/dl><br style=\"clear: both\" \/>\n\t\t<\/div>\n\n<p>&nbsp;<\/p>\n","protected":false},"excerpt":{"rendered":"<p>El personal de Fontur asisti\u00f3 este lunes 11 de agosto a la Gran Marcha Antiimperialista por la Paz y contra el Narcoterrorismo de la Ultraderecha Fascista. La movilizaci\u00f3n se desarroll\u00f3 <a class=\"more-link\" href=\"http:\/\/www.fontur.gob.ve\/?p=15525\">Leer M\u00e1s \u2192<\/a><\/p>\n","protected":false},"author":4,"featured_media":15531,"comment_status":"closed","ping_status":"closed","sticky":false,"template":"","format":"standard","meta":{"ngg_post_thumbnail":0,"footnotes":""},"categories":[5],"tags":[],"class_list":["post-15525","post","type-post","status-publish","format-standard","has-post-thumbnail","hentry","category-noticias"],"_links":{"self":[{"href":"http:\/\/www.fontur.gob.ve\/index.php?rest_route=\/wp\/v2\/posts\/15525","targetHints":{"allow":["GET"]}}],"collection":[{"href":"http:\/\/www.fontur.gob.ve\/index.php?rest_route=\/wp\/v2\/posts"}],"about":[{"href":"http:\/\/www.fontur.gob.ve\/index.php?rest_route=\/wp\/v2\/types\/post"}],"author":[{"embeddable":true,"href":"http:\/\/www.fontur.gob.ve\/index.php?rest_route=\/wp\/v2\/users\/4"}],"replies":[{"embeddable":true,"href":"http:\/\/www.fontur.gob.ve\/index.php?rest_route=%2Fwp%2Fv2%2Fcomments&post=15525"}],"version-history":[{"count":1,"href":"http:\/\/www.fontur.gob.ve\/index.php?rest_route=\/wp\/v2\/posts\/15525\/revisions"}],"predecessor-version":[{"id":15532,"href":"http:\/\/www.fontur.gob.ve\/index.php?rest_route=\/wp\/v2\/posts\/15525\/revisions\/15532"}],"wp:featuredmedia":[{"embeddable":true,"href":"http:\/\/www.fontur.gob.ve\/index.php?rest_route=\/wp\/v2\/media\/15531"}],"wp:attachment":[{"href":"http:\/\/www.fontur.gob.ve\/index.php?rest_route=%2Fwp%2Fv2%2Fmedia&parent=15525"}],"wp:term":[{"taxonomy":"category","embeddable":true,"href":"http:\/\/www.fontur.gob.ve\/index.php?rest_route=%2Fwp%2Fv2%2Fcategories&post=15525"},{"taxonomy":"post_tag","embeddable":true,"href":"http:\/\/www.fontur.gob.ve\/index.php?rest_route=%2Fwp%2Fv2%2Ftags&post=15525"}],"curies":[{"name":"wp","href":"https:\/\/api.w.org\/{rel}","templated":true}]}}