{"id":15517,"date":"2025-08-08T13:31:48","date_gmt":"2025-08-08T19:31:48","guid":{"rendered":"http:\/\/www.fontur.gob.ve\/?p=15517"},"modified":"2025-08-08T13:31:48","modified_gmt":"2025-08-08T19:31:48","slug":"fontur-en-la-calle-programa-numero-85","status":"publish","type":"post","link":"http:\/\/www.fontur.gob.ve\/?p=15517","title":{"rendered":"\u00a1Fontur en la Calle! programa n\u00famero 85"},"content":{"rendered":"<p style=\"text-align: justify;\">Este viernes 08 de agosto, arribamos a nuestro programa radial n\u00famero 85 de \u201cFontur en la Calle\u201d, espacio conocido y escuchado por el sector que moviliza al pueblo venezolano, d\u00eda a d\u00eda. En esta emisi\u00f3n contamos con dos invitados de lujo: Cheblys Faramalla, de la Uni\u00f3n de Conductores Vecinos Santa Ana, y Eustoquio Jos\u00e9 Verd\u00fa, de la L\u00ednea Uni\u00f3n Circunvalaci\u00f3n 23 de Enero, ambos presidentes de l\u00edneas que tienen el compromiso con la poblaci\u00f3n caraque\u00f1a, garantizarles d\u00eda a d\u00eda su movilidad y traslados en rutas urbanas y sub urbanas.<\/p>\n<p style=\"text-align: justify;\">Cheblys Faramalla dio las gracias a Guillermo Eloy Sulbar\u00e1n Castillo, quien es el moderador del programa por haberlo invitado al espacio del transportista, donde cada uno de ellos, pueden contar su trayectoria, sus vivencias y experiencias dentro del gremio.<\/p>\n<p style=\"text-align: justify;\">or su parte, Jos\u00e9 Verd\u00fa indic\u00f3 que la Uni\u00f3n Circunvalaci\u00f3n 23 de Enero tiene 68 a\u00f1os de fundada y presta servicio diario a 138.000 habitantes de la parroquia San Juan. Adem\u00e1s destac\u00f3 que \u201cGracias a Fontur por el ordenamiento en la estaci\u00f3n de servicio que le corresponde surtir combustible, ya 120 transportistas pueden equipar sus veh\u00edculos diarios\u201d. Asimismo, Faramalla expres\u00f3 que \u201cHay un cambio significativo y radical, es lo mejor que nos ha pasado. Que Fontur est\u00e9 trabajando en conjunto con Presidentes y directivos de l\u00edneas, para las mejoras y acabar con las irregularidades es magn\u00edfico. Estamos felices y somos bien atendidos, por eso le agradezco a usted Eloy, Dios lo bendiga por tomarnos en cuenta y con certeza s\u00e9 que vendr\u00e1n tiempos mejores\u201d.<\/p>\n<p style=\"text-align: justify;\">Sulbar\u00e1n Castillo destac\u00f3 que \u201cEsto es posible gracias al trabajo en equipo de Fontur con el sector transporte. Estoy seguro que vamos a lograr que la distribuci\u00f3n de combustible sea equitativa. Los buenos somos m\u00e1s\u201d.<\/p>\n<p style=\"text-align: justify;\">Les recordamos que \u201cFontur en la Calle\u201d, tu programa adem\u00e1s de escucharlo, ahora lo puedes ver en vivo a trav\u00e9s de YouTube en el canal de suscripci\u00f3n de YVKE Mundial, y por Instagram a trav\u00e9s del usuario <a class=\"mention\" href=\"https:\/\/t.me\/eloysulbaran\">@eloysulbaran<\/a><\/p>\n\n\t\t<style type=\"text\/css\">\n\t\t\t#gallery-1 {\n\t\t\t\tmargin: auto;\n\t\t\t}\n\t\t\t#gallery-1 .gallery-item {\n\t\t\t\tfloat: left;\n\t\t\t\tmargin-top: 10px;\n\t\t\t\ttext-align: center;\n\t\t\t\twidth: 50%;\n\t\t\t}\n\t\t\t#gallery-1 img {\n\t\t\t\tborder: 2px solid #cfcfcf;\n\t\t\t}\n\t\t\t#gallery-1 .gallery-caption {\n\t\t\t\tmargin-left: 0;\n\t\t\t}\n\t\t\t\/* see gallery_shortcode() in wp-includes\/media.php *\/\n\t\t<\/style>\n\t\t<div id='gallery-1' class='gallery galleryid-15517 gallery-columns-2 gallery-size-thumbnail'><dl class='gallery-item'>\n\t\t\t<dt class='gallery-icon landscape'>\n\t\t\t\t<a href='http:\/\/www.fontur.gob.ve\/?attachment_id=15519#main'><img loading=\"lazy\" decoding=\"async\" width=\"150\" height=\"150\" src=\"http:\/\/www.fontur.gob.ve\/wp-content\/uploads\/2025\/08\/descarga-1-150x150.png\" class=\"attachment-thumbnail size-thumbnail\" alt=\"\" \/><\/a>\n\t\t\t<\/dt><\/dl><dl class='gallery-item'>\n\t\t\t<dt class='gallery-icon landscape'>\n\t\t\t\t<a href='http:\/\/www.fontur.gob.ve\/?attachment_id=15520#main'><img loading=\"lazy\" decoding=\"async\" width=\"150\" height=\"150\" src=\"http:\/\/www.fontur.gob.ve\/wp-content\/uploads\/2025\/08\/descarga-150x150.png\" class=\"attachment-thumbnail size-thumbnail\" alt=\"\" \/><\/a>\n\t\t\t<\/dt><\/dl><br style=\"clear: both\" \/>\n\t\t<\/div>\n\n","protected":false},"excerpt":{"rendered":"<p>Este viernes 08 de agosto, arribamos a nuestro programa radial n\u00famero 85 de \u201cFontur en la Calle\u201d, espacio conocido y escuchado por el sector que moviliza al pueblo venezolano, d\u00eda <a class=\"more-link\" href=\"http:\/\/www.fontur.gob.ve\/?p=15517\">Leer M\u00e1s \u2192<\/a><\/p>\n","protected":false},"author":4,"featured_media":15518,"comment_status":"closed","ping_status":"closed","sticky":false,"template":"","format":"standard","meta":{"ngg_post_thumbnail":0,"footnotes":""},"categories":[4],"tags":[],"class_list":["post-15517","post","type-post","status-publish","format-standard","has-post-thumbnail","hentry","category-destacados"],"_links":{"self":[{"href":"http:\/\/www.fontur.gob.ve\/index.php?rest_route=\/wp\/v2\/posts\/15517","targetHints":{"allow":["GET"]}}],"collection":[{"href":"http:\/\/www.fontur.gob.ve\/index.php?rest_route=\/wp\/v2\/posts"}],"about":[{"href":"http:\/\/www.fontur.gob.ve\/index.php?rest_route=\/wp\/v2\/types\/post"}],"author":[{"embeddable":true,"href":"http:\/\/www.fontur.gob.ve\/index.php?rest_route=\/wp\/v2\/users\/4"}],"replies":[{"embeddable":true,"href":"http:\/\/www.fontur.gob.ve\/index.php?rest_route=%2Fwp%2Fv2%2Fcomments&post=15517"}],"version-history":[{"count":1,"href":"http:\/\/www.fontur.gob.ve\/index.php?rest_route=\/wp\/v2\/posts\/15517\/revisions"}],"predecessor-version":[{"id":15521,"href":"http:\/\/www.fontur.gob.ve\/index.php?rest_route=\/wp\/v2\/posts\/15517\/revisions\/15521"}],"wp:featuredmedia":[{"embeddable":true,"href":"http:\/\/www.fontur.gob.ve\/index.php?rest_route=\/wp\/v2\/media\/15518"}],"wp:attachment":[{"href":"http:\/\/www.fontur.gob.ve\/index.php?rest_route=%2Fwp%2Fv2%2Fmedia&parent=15517"}],"wp:term":[{"taxonomy":"category","embeddable":true,"href":"http:\/\/www.fontur.gob.ve\/index.php?rest_route=%2Fwp%2Fv2%2Fcategories&post=15517"},{"taxonomy":"post_tag","embeddable":true,"href":"http:\/\/www.fontur.gob.ve\/index.php?rest_route=%2Fwp%2Fv2%2Ftags&post=15517"}],"curies":[{"name":"wp","href":"https:\/\/api.w.org\/{rel}","templated":true}]}}