{"id":15507,"date":"2025-08-08T13:03:35","date_gmt":"2025-08-08T19:03:35","guid":{"rendered":"http:\/\/www.fontur.gob.ve\/?p=15507"},"modified":"2025-08-08T13:03:35","modified_gmt":"2025-08-08T19:03:35","slug":"fontur-continua-ciclo-politico-viernes-patriotico-estudiando-la-verdad-en-la-comunicacion","status":"publish","type":"post","link":"http:\/\/www.fontur.gob.ve\/?p=15507","title":{"rendered":"FONTUR CONTIN\u00daA CICLO POL\u00cdTICO \u201cVIERNES PATRI\u00d3TICO\u201d ESTUDIANDO LA VERDAD EN LA COMUNICACI\u00d3N"},"content":{"rendered":"<div class=\"message spoilers-container\" dir=\"auto\" style=\"text-align: justify;\">Con una ponencia denominada \u00abLa verdad a trav\u00e9s de la comunicaci\u00f3n\u00bb este viernes 08 de agosto se desarroll\u00f3 el \u00abViernes Patri\u00f3tico\u00bb en las instalaciones del Sal\u00f3n Araguaney de Fontur.<\/div>\n<div dir=\"auto\" style=\"text-align: justify;\">&nbsp;<\/div>\n<div class=\"message spoilers-container\" dir=\"auto\" style=\"text-align: justify;\">La actividad estuvo presidida por la Gerente de la Oficina de Gesti\u00f3n Humana de Fontur Cisbel Mijares, quien destac\u00f3 la importancia de darle continuidad a la formaci\u00f3n pol\u00edtica dentro de la instituci\u00f3n tal como lo ha orientado el Presidente ejecutivo de Fontur, Guillermo Eloy Sulbar\u00e1n Castillo.<\/div>\n<div dir=\"auto\" style=\"text-align: justify;\">&nbsp;<\/div>\n<div class=\"message spoilers-container\" dir=\"auto\" style=\"text-align: justify;\">El conversatorio estuvo a cargo de Erick Ch\u00e1vez, Jefe del V\u00e9rtice Vamos a Comunicar de la Gran Misi\u00f3n Venezuela Joven y Johan Moreno, coordinador de Fundayacucho en Caracas.<\/div>\n<div dir=\"auto\" style=\"text-align: justify;\">&nbsp;<\/div>\n<div class=\"message spoilers-container\" dir=\"auto\" style=\"text-align: justify;\">Durante el desarrollo de la ponencia, Ch\u00e1vez resalt\u00f3 el legado comunicacional del Comandante Hugo Rafael Ch\u00e1vez Fr\u00edas, a quien calific\u00f3 como un gran visionario de la comunicaci\u00f3n y la importancia de manejar las estrategias necesarias para defendernos de los ataques medi\u00e1ticos del mundo.<\/div>\n<div dir=\"auto\" style=\"text-align: justify;\">&nbsp;<\/div>\n<div class=\"message spoilers-container\" dir=\"auto\" style=\"text-align: justify;\">Destac\u00f3 que actualmente el uso correcto y coherente de las redes sociales son necesarias para defender la verdad y desmontar la mentira, ya que los algoritmos filtran la informaci\u00f3n. La verdad de Venezuela se debe mostrar haciendo uso efectivo de la comunicaci\u00f3n en redes sociales.<\/div>\n<div dir=\"auto\" style=\"text-align: justify;\">&nbsp;<\/div>\n<div class=\"message spoilers-container\" dir=\"auto\" style=\"text-align: justify;\">Para finalizar, Johan Moreno destac\u00f3 que \u00abactualmente se hace necesario guiar a la juventud en el uso de las redes sociales y en la forma de comunicar a trav\u00e9s del entretenimiento ya sea en Instagram o Tiktok porque nos caracterizamos por ser mocosos y divertidos\u00bb, el hilo delgado de la comunicaci\u00f3n es tener criterio real de lo que sucede en nuestro pa\u00eds.<\/div>\n<div dir=\"auto\">&nbsp;<\/div>\n<div dir=\"auto\">\n\n\t\t<style type=\"text\/css\">\n\t\t\t#gallery-1 {\n\t\t\t\tmargin: auto;\n\t\t\t}\n\t\t\t#gallery-1 .gallery-item {\n\t\t\t\tfloat: left;\n\t\t\t\tmargin-top: 10px;\n\t\t\t\ttext-align: center;\n\t\t\t\twidth: 14%;\n\t\t\t}\n\t\t\t#gallery-1 img {\n\t\t\t\tborder: 2px solid #cfcfcf;\n\t\t\t}\n\t\t\t#gallery-1 .gallery-caption {\n\t\t\t\tmargin-left: 0;\n\t\t\t}\n\t\t\t\/* see gallery_shortcode() in wp-includes\/media.php *\/\n\t\t<\/style>\n\t\t<div id='gallery-1' class='gallery galleryid-15507 gallery-columns-7 gallery-size-thumbnail'><dl class='gallery-item'>\n\t\t\t<dt class='gallery-icon landscape'>\n\t\t\t\t<a href='http:\/\/www.fontur.gob.ve\/?attachment_id=15508#main'><img loading=\"lazy\" decoding=\"async\" width=\"150\" height=\"150\" src=\"http:\/\/www.fontur.gob.ve\/wp-content\/uploads\/2025\/08\/18-150x150.jpg\" class=\"attachment-thumbnail size-thumbnail\" alt=\"\" \/><\/a>\n\t\t\t<\/dt><\/dl><dl class='gallery-item'>\n\t\t\t<dt class='gallery-icon landscape'>\n\t\t\t\t<a href='http:\/\/www.fontur.gob.ve\/?attachment_id=15509#main'><img loading=\"lazy\" decoding=\"async\" width=\"150\" height=\"150\" src=\"http:\/\/www.fontur.gob.ve\/wp-content\/uploads\/2025\/08\/17-150x150.jpg\" class=\"attachment-thumbnail size-thumbnail\" alt=\"\" \/><\/a>\n\t\t\t<\/dt><\/dl><dl class='gallery-item'>\n\t\t\t<dt class='gallery-icon landscape'>\n\t\t\t\t<a href='http:\/\/www.fontur.gob.ve\/?attachment_id=15510#main'><img loading=\"lazy\" decoding=\"async\" width=\"150\" height=\"150\" src=\"http:\/\/www.fontur.gob.ve\/wp-content\/uploads\/2025\/08\/16-150x150.jpg\" class=\"attachment-thumbnail size-thumbnail\" alt=\"\" \/><\/a>\n\t\t\t<\/dt><\/dl><dl class='gallery-item'>\n\t\t\t<dt class='gallery-icon landscape'>\n\t\t\t\t<a href='http:\/\/www.fontur.gob.ve\/?attachment_id=15511#main'><img loading=\"lazy\" decoding=\"async\" width=\"150\" height=\"150\" src=\"http:\/\/www.fontur.gob.ve\/wp-content\/uploads\/2025\/08\/15-150x150.jpg\" class=\"attachment-thumbnail size-thumbnail\" alt=\"\" \/><\/a>\n\t\t\t<\/dt><\/dl><dl class='gallery-item'>\n\t\t\t<dt class='gallery-icon portrait'>\n\t\t\t\t<a href='http:\/\/www.fontur.gob.ve\/?attachment_id=15512#main'><img loading=\"lazy\" decoding=\"async\" width=\"150\" height=\"150\" src=\"http:\/\/www.fontur.gob.ve\/wp-content\/uploads\/2025\/08\/14-150x150.jpg\" class=\"attachment-thumbnail size-thumbnail\" alt=\"\" \/><\/a>\n\t\t\t<\/dt><\/dl><dl class='gallery-item'>\n\t\t\t<dt class='gallery-icon landscape'>\n\t\t\t\t<a href='http:\/\/www.fontur.gob.ve\/?attachment_id=15513#main'><img loading=\"lazy\" decoding=\"async\" width=\"150\" height=\"150\" src=\"http:\/\/www.fontur.gob.ve\/wp-content\/uploads\/2025\/08\/12-150x150.jpg\" class=\"attachment-thumbnail size-thumbnail\" alt=\"\" \/><\/a>\n\t\t\t<\/dt><\/dl><dl class='gallery-item'>\n\t\t\t<dt class='gallery-icon portrait'>\n\t\t\t\t<a href='http:\/\/www.fontur.gob.ve\/?attachment_id=15514#main'><img loading=\"lazy\" decoding=\"async\" width=\"150\" height=\"150\" src=\"http:\/\/www.fontur.gob.ve\/wp-content\/uploads\/2025\/08\/11-150x150.jpg\" class=\"attachment-thumbnail size-thumbnail\" alt=\"\" \/><\/a>\n\t\t\t<\/dt><\/dl><br style=\"clear: both\" \/>\n\t\t<\/div>\n\n<\/div>\n","protected":false},"excerpt":{"rendered":"<p>Con una ponencia denominada \u00abLa verdad a trav\u00e9s de la comunicaci\u00f3n\u00bb este viernes 08 de agosto se desarroll\u00f3 el \u00abViernes Patri\u00f3tico\u00bb en las instalaciones del Sal\u00f3n Araguaney de Fontur. &nbsp; <a class=\"more-link\" href=\"http:\/\/www.fontur.gob.ve\/?p=15507\">Leer M\u00e1s \u2192<\/a><\/p>\n","protected":false},"author":4,"featured_media":15515,"comment_status":"closed","ping_status":"closed","sticky":false,"template":"","format":"standard","meta":{"ngg_post_thumbnail":0,"footnotes":""},"categories":[5],"tags":[],"class_list":["post-15507","post","type-post","status-publish","format-standard","has-post-thumbnail","hentry","category-noticias"],"_links":{"self":[{"href":"http:\/\/www.fontur.gob.ve\/index.php?rest_route=\/wp\/v2\/posts\/15507","targetHints":{"allow":["GET"]}}],"collection":[{"href":"http:\/\/www.fontur.gob.ve\/index.php?rest_route=\/wp\/v2\/posts"}],"about":[{"href":"http:\/\/www.fontur.gob.ve\/index.php?rest_route=\/wp\/v2\/types\/post"}],"author":[{"embeddable":true,"href":"http:\/\/www.fontur.gob.ve\/index.php?rest_route=\/wp\/v2\/users\/4"}],"replies":[{"embeddable":true,"href":"http:\/\/www.fontur.gob.ve\/index.php?rest_route=%2Fwp%2Fv2%2Fcomments&post=15507"}],"version-history":[{"count":1,"href":"http:\/\/www.fontur.gob.ve\/index.php?rest_route=\/wp\/v2\/posts\/15507\/revisions"}],"predecessor-version":[{"id":15516,"href":"http:\/\/www.fontur.gob.ve\/index.php?rest_route=\/wp\/v2\/posts\/15507\/revisions\/15516"}],"wp:featuredmedia":[{"embeddable":true,"href":"http:\/\/www.fontur.gob.ve\/index.php?rest_route=\/wp\/v2\/media\/15515"}],"wp:attachment":[{"href":"http:\/\/www.fontur.gob.ve\/index.php?rest_route=%2Fwp%2Fv2%2Fmedia&parent=15507"}],"wp:term":[{"taxonomy":"category","embeddable":true,"href":"http:\/\/www.fontur.gob.ve\/index.php?rest_route=%2Fwp%2Fv2%2Fcategories&post=15507"},{"taxonomy":"post_tag","embeddable":true,"href":"http:\/\/www.fontur.gob.ve\/index.php?rest_route=%2Fwp%2Fv2%2Ftags&post=15507"}],"curies":[{"name":"wp","href":"https:\/\/api.w.org\/{rel}","templated":true}]}}