{"id":15473,"date":"2025-08-04T09:06:06","date_gmt":"2025-08-04T15:06:06","guid":{"rendered":"http:\/\/www.fontur.gob.ve\/?p=15473"},"modified":"2025-08-04T10:48:50","modified_gmt":"2025-08-04T16:48:50","slug":"fontur-en-la-calle-el-terminal-de-paso-rapido-ruta-421-satisface-el-traslado-de-los-ciudadanos-de-caracas-y-miranda","status":"publish","type":"post","link":"http:\/\/www.fontur.gob.ve\/?p=15473","title":{"rendered":"Fontur en la calle: El terminal de paso r\u00e1pido Ruta 421 satisface el traslado de los ciudadanos de Caracas y Miranda"},"content":{"rendered":"<p style=\"text-align: justify;\">Durante su programa \u00abFontur en la Calle\u00bb n\u00famero 84 transmitido en la emisora YVKE Mundial, el Presidente Ejecutivo de Fontur, Guillermo Eloy Sulbar\u00e1n Castillo, destac\u00f3 este 01 de agosto que el pueblo venezolano se siente contento con el nuevo \u201cTerminal de paso r\u00e1pido Ruta 421\u201d ubicado en Plaza Venezuela por la comodidad y seguridad para abordar las unidades.<\/p>\n<p style=\"text-align: justify;\">\u00abHace 8 d\u00edas le regalamos a la ciudad y a los habitantes caraque\u00f1os una infraestructura de f\u00e1cil acceso a los buses para trasladarse a sus hogares y puestos de trabajo. Estamos reordenando la ciudad\u00bb, resalt\u00f3 Sulbar\u00e1n Castillo.<\/p>\n<p style=\"text-align: justify;\">Tambi\u00e9n, el alto funcionario se\u00f1al\u00f3 la cooperaci\u00f3n entre el Ministerio de Transporte y la Alcald\u00eda de Caracas en lograr culminar la obra que beneficia al sector transportista y a los pasajeros.<\/p>\n<p style=\"text-align: justify;\">Por su parte, el Presidente de la Cooperativa Roosevelt, Alexis Bastidas, invitado al programa, consider\u00f3 que es una iniciativa que permite organizar el servicio de transporte. \u00abAgradecemos a la Almiranta Carmen Mel\u00e9ndez y al Presidente de la Rep\u00fablica por llevar acabo este proyecto que nos permite estar en un lugar adecuado para prestar el servicio. Es seguro y hay suficiente iluminaci\u00f3n. Las personas se toman fotos y graban Tik Tok en el terminal\u00bb.<\/p>\n<p style=\"text-align: justify;\">Mientras que el Presidente de la Asociaci\u00f3n Civil Macarao, Alirio Rodr\u00edguez, coincidi\u00f3 que este plan de nuevas paradas ayudar\u00e1 a corregir el desorden que existe para recoger a los usuarios. \u00abEsto es una bendici\u00f3n. Nos sentimos satisfechos. Nos hemos percatado de la alta afluencia en el lugar. Todos estamos contentos\u00bb, indic\u00f3 Rodr\u00edguez.<\/p>\n\n\t\t<style type=\"text\/css\">\n\t\t\t#gallery-1 {\n\t\t\t\tmargin: auto;\n\t\t\t}\n\t\t\t#gallery-1 .gallery-item {\n\t\t\t\tfloat: left;\n\t\t\t\tmargin-top: 10px;\n\t\t\t\ttext-align: center;\n\t\t\t\twidth: 14%;\n\t\t\t}\n\t\t\t#gallery-1 img {\n\t\t\t\tborder: 2px solid #cfcfcf;\n\t\t\t}\n\t\t\t#gallery-1 .gallery-caption {\n\t\t\t\tmargin-left: 0;\n\t\t\t}\n\t\t\t\/* see gallery_shortcode() in wp-includes\/media.php *\/\n\t\t<\/style>\n\t\t<div id='gallery-1' class='gallery galleryid-15473 gallery-columns-7 gallery-size-thumbnail'><dl class='gallery-item'>\n\t\t\t<dt class='gallery-icon landscape'>\n\t\t\t\t<a href='http:\/\/www.fontur.gob.ve\/?attachment_id=15474#main'><img loading=\"lazy\" decoding=\"async\" width=\"150\" height=\"150\" src=\"http:\/\/www.fontur.gob.ve\/wp-content\/uploads\/2025\/08\/photo_2025-08-01_09-51-47-150x150.jpg\" class=\"attachment-thumbnail size-thumbnail\" alt=\"\" \/><\/a>\n\t\t\t<\/dt><\/dl><dl class='gallery-item'>\n\t\t\t<dt class='gallery-icon landscape'>\n\t\t\t\t<a href='http:\/\/www.fontur.gob.ve\/?attachment_id=15475#main'><img loading=\"lazy\" decoding=\"async\" width=\"150\" height=\"150\" src=\"http:\/\/www.fontur.gob.ve\/wp-content\/uploads\/2025\/08\/AP-Guardia-nac-venez-150x150.jpg\" class=\"attachment-thumbnail size-thumbnail\" alt=\"\" \/><\/a>\n\t\t\t<\/dt><\/dl><dl class='gallery-item'>\n\t\t\t<dt class='gallery-icon landscape'>\n\t\t\t\t<a href='http:\/\/www.fontur.gob.ve\/?attachment_id=15476#main'><img loading=\"lazy\" decoding=\"async\" width=\"150\" height=\"150\" src=\"http:\/\/www.fontur.gob.ve\/wp-content\/uploads\/2025\/08\/gnb01-150x150.jpg\" class=\"attachment-thumbnail size-thumbnail\" alt=\"\" \/><\/a>\n\t\t\t<\/dt><\/dl><dl class='gallery-item'>\n\t\t\t<dt class='gallery-icon landscape'>\n\t\t\t\t<a href='http:\/\/www.fontur.gob.ve\/?attachment_id=15477#main'><img loading=\"lazy\" decoding=\"async\" width=\"150\" height=\"150\" src=\"http:\/\/www.fontur.gob.ve\/wp-content\/uploads\/2025\/08\/photo_2025-08-01_09-54-18-150x150.jpg\" class=\"attachment-thumbnail size-thumbnail\" alt=\"\" \/><\/a>\n\t\t\t<\/dt><\/dl><dl class='gallery-item'>\n\t\t\t<dt class='gallery-icon landscape'>\n\t\t\t\t<a href='http:\/\/www.fontur.gob.ve\/?attachment_id=15478#main'><img loading=\"lazy\" decoding=\"async\" width=\"150\" height=\"150\" src=\"http:\/\/www.fontur.gob.ve\/wp-content\/uploads\/2025\/08\/photo_2025-08-01_10-00-01-150x150.jpg\" class=\"attachment-thumbnail size-thumbnail\" alt=\"\" \/><\/a>\n\t\t\t<\/dt><\/dl><dl class='gallery-item'>\n\t\t\t<dt class='gallery-icon landscape'>\n\t\t\t\t<a href='http:\/\/www.fontur.gob.ve\/?attachment_id=15479#main'><img loading=\"lazy\" decoding=\"async\" width=\"150\" height=\"150\" src=\"http:\/\/www.fontur.gob.ve\/wp-content\/uploads\/2025\/08\/photo_2025-08-01_11-01-06-150x150.jpg\" class=\"attachment-thumbnail size-thumbnail\" alt=\"\" \/><\/a>\n\t\t\t<\/dt><\/dl><dl class='gallery-item'>\n\t\t\t<dt class='gallery-icon portrait'>\n\t\t\t\t<a href='http:\/\/www.fontur.gob.ve\/?attachment_id=15480#main'><img loading=\"lazy\" decoding=\"async\" width=\"150\" height=\"150\" src=\"http:\/\/www.fontur.gob.ve\/wp-content\/uploads\/2025\/08\/photo_2025-08-01_11-01-09-150x150.jpg\" class=\"attachment-thumbnail size-thumbnail\" alt=\"\" \/><\/a>\n\t\t\t<\/dt><\/dl><br style=\"clear: both\" \/>\n\t\t<\/div>\n\n<p>&nbsp;<\/p>\n","protected":false},"excerpt":{"rendered":"<p>Durante su programa \u00abFontur en la Calle\u00bb n\u00famero 84 transmitido en la emisora YVKE Mundial, el Presidente Ejecutivo de Fontur, Guillermo Eloy Sulbar\u00e1n Castillo, destac\u00f3 este 01 de agosto que <a class=\"more-link\" href=\"http:\/\/www.fontur.gob.ve\/?p=15473\">Leer M\u00e1s \u2192<\/a><\/p>\n","protected":false},"author":4,"featured_media":15486,"comment_status":"closed","ping_status":"closed","sticky":false,"template":"","format":"standard","meta":{"ngg_post_thumbnail":0,"footnotes":""},"categories":[4],"tags":[],"class_list":["post-15473","post","type-post","status-publish","format-standard","has-post-thumbnail","hentry","category-destacados"],"_links":{"self":[{"href":"http:\/\/www.fontur.gob.ve\/index.php?rest_route=\/wp\/v2\/posts\/15473","targetHints":{"allow":["GET"]}}],"collection":[{"href":"http:\/\/www.fontur.gob.ve\/index.php?rest_route=\/wp\/v2\/posts"}],"about":[{"href":"http:\/\/www.fontur.gob.ve\/index.php?rest_route=\/wp\/v2\/types\/post"}],"author":[{"embeddable":true,"href":"http:\/\/www.fontur.gob.ve\/index.php?rest_route=\/wp\/v2\/users\/4"}],"replies":[{"embeddable":true,"href":"http:\/\/www.fontur.gob.ve\/index.php?rest_route=%2Fwp%2Fv2%2Fcomments&post=15473"}],"version-history":[{"count":1,"href":"http:\/\/www.fontur.gob.ve\/index.php?rest_route=\/wp\/v2\/posts\/15473\/revisions"}],"predecessor-version":[{"id":15482,"href":"http:\/\/www.fontur.gob.ve\/index.php?rest_route=\/wp\/v2\/posts\/15473\/revisions\/15482"}],"wp:featuredmedia":[{"embeddable":true,"href":"http:\/\/www.fontur.gob.ve\/index.php?rest_route=\/wp\/v2\/media\/15486"}],"wp:attachment":[{"href":"http:\/\/www.fontur.gob.ve\/index.php?rest_route=%2Fwp%2Fv2%2Fmedia&parent=15473"}],"wp:term":[{"taxonomy":"category","embeddable":true,"href":"http:\/\/www.fontur.gob.ve\/index.php?rest_route=%2Fwp%2Fv2%2Fcategories&post=15473"},{"taxonomy":"post_tag","embeddable":true,"href":"http:\/\/www.fontur.gob.ve\/index.php?rest_route=%2Fwp%2Fv2%2Ftags&post=15473"}],"curies":[{"name":"wp","href":"https:\/\/api.w.org\/{rel}","templated":true}]}}