{"id":15391,"date":"2025-07-25T10:45:37","date_gmt":"2025-07-25T16:45:37","guid":{"rendered":"http:\/\/www.fontur.gob.ve\/?p=15391"},"modified":"2025-07-25T10:53:26","modified_gmt":"2025-07-25T16:53:26","slug":"transportistas-comprometidos-con-el-pais-trino-arreaza-fue-el-invitado-del-programa-fontur-en-la-calle","status":"publish","type":"post","link":"http:\/\/www.fontur.gob.ve\/?p=15391","title":{"rendered":"Transportistas comprometidos con el pa\u00eds: Trino Arreaza fue el invitado del programa \u00abFontur en la Calle\u00bb"},"content":{"rendered":"<p style=\"text-align: justify;\">En la edici\u00f3n n\u00famero 83 del programa \u00abFontur en la Calle\u00bb, el presidente de Fontur, Guillermo Eloy Sulbar\u00e1n Castillo, recibi\u00f3 como invitado especial a Trino Arreaza, secretario de organizaci\u00f3n de la Asociaci\u00f3n Civil Conductores Casalta\u2013Chaca\u00edto\u2013Cafetal.<\/p>\n<p style=\"text-align: justify;\">Durante la entrevista, Arreaza destac\u00f3 su experiencia de 25 a\u00f1os en el sector transporte, al que ingres\u00f3 como colector. \u201cEste ha sido mi \u00fanico trabajo, y seguimos luchando para que el transporte prevalezca\u201d, afirm\u00f3.<\/p>\n<p style=\"text-align: justify;\">Reconoci\u00f3 el apoyo que en su momento ofrecieron los bancos al gremio e hizo un llamado para que se reactiven los cr\u00e9ditos para asi poder renovar las unidades y mantenerlas en condiciones \u00f3ptimas para el pueblo venezolano.<\/p>\n<p style=\"text-align: justify;\">\u201cEl transportista es trabajador, optimista y emprendedor. Agradecemos a Fontur por el apoyo brindado y por este espacio donde podemos compartir nuestros avances\u201d, expres\u00f3 Arreaza.<\/p>\n<p style=\"text-align: justify;\">Por su parte, Sulbar\u00e1n reafirm\u00f3 su compromiso con el sector transporte: \u201cMe siento cada d\u00eda m\u00e1s orgulloso de ser transportista. Todas las sedes de Fontur se han convertido en centros de acopio para nuestros hermanos m\u00e1s necesitados en los estados andinos. En el cierre de campa\u00f1a, los transportistas demostraron una vez m\u00e1s su compromiso con el pa\u00eds\u201d.<\/p>\n\n\t\t<style type=\"text\/css\">\n\t\t\t#gallery-1 {\n\t\t\t\tmargin: auto;\n\t\t\t}\n\t\t\t#gallery-1 .gallery-item {\n\t\t\t\tfloat: left;\n\t\t\t\tmargin-top: 10px;\n\t\t\t\ttext-align: center;\n\t\t\t\twidth: 33%;\n\t\t\t}\n\t\t\t#gallery-1 img {\n\t\t\t\tborder: 2px solid #cfcfcf;\n\t\t\t}\n\t\t\t#gallery-1 .gallery-caption {\n\t\t\t\tmargin-left: 0;\n\t\t\t}\n\t\t\t\/* see gallery_shortcode() in wp-includes\/media.php *\/\n\t\t<\/style>\n\t\t<div id='gallery-1' class='gallery galleryid-15391 gallery-columns-3 gallery-size-thumbnail'><dl class='gallery-item'>\n\t\t\t<dt class='gallery-icon landscape'>\n\t\t\t\t<a href='http:\/\/www.fontur.gob.ve\/?attachment_id=15392#main'><img loading=\"lazy\" decoding=\"async\" width=\"150\" height=\"150\" src=\"http:\/\/www.fontur.gob.ve\/wp-content\/uploads\/2025\/07\/photo_2025-07-25_09-50-07-3-150x150.jpg\" class=\"attachment-thumbnail size-thumbnail\" alt=\"\" \/><\/a>\n\t\t\t<\/dt><\/dl><dl class='gallery-item'>\n\t\t\t<dt class='gallery-icon portrait'>\n\t\t\t\t<a href='http:\/\/www.fontur.gob.ve\/?attachment_id=15393#main'><img loading=\"lazy\" decoding=\"async\" width=\"150\" height=\"150\" src=\"http:\/\/www.fontur.gob.ve\/wp-content\/uploads\/2025\/07\/photo_2025-07-25_09-50-07-4-150x150.jpg\" class=\"attachment-thumbnail size-thumbnail\" alt=\"\" \/><\/a>\n\t\t\t<\/dt><\/dl><dl class='gallery-item'>\n\t\t\t<dt class='gallery-icon portrait'>\n\t\t\t\t<a href='http:\/\/www.fontur.gob.ve\/?attachment_id=15394#main'><img loading=\"lazy\" decoding=\"async\" width=\"150\" height=\"150\" src=\"http:\/\/www.fontur.gob.ve\/wp-content\/uploads\/2025\/07\/photo_2025-07-25_09-06-35-150x150.jpg\" class=\"attachment-thumbnail size-thumbnail\" alt=\"\" \/><\/a>\n\t\t\t<\/dt><\/dl><br style=\"clear: both\" \/>\n\t\t<\/div>\n\n","protected":false},"excerpt":{"rendered":"<p>En la edici\u00f3n n\u00famero 83 del programa \u00abFontur en la Calle\u00bb, el presidente de Fontur, Guillermo Eloy Sulbar\u00e1n Castillo, recibi\u00f3 como invitado especial a Trino Arreaza, secretario de organizaci\u00f3n de <a class=\"more-link\" href=\"http:\/\/www.fontur.gob.ve\/?p=15391\">Leer M\u00e1s \u2192<\/a><\/p>\n","protected":false},"author":4,"featured_media":15398,"comment_status":"closed","ping_status":"closed","sticky":false,"template":"","format":"standard","meta":{"ngg_post_thumbnail":0,"footnotes":""},"categories":[4],"tags":[],"class_list":["post-15391","post","type-post","status-publish","format-standard","has-post-thumbnail","hentry","category-destacados"],"_links":{"self":[{"href":"http:\/\/www.fontur.gob.ve\/index.php?rest_route=\/wp\/v2\/posts\/15391","targetHints":{"allow":["GET"]}}],"collection":[{"href":"http:\/\/www.fontur.gob.ve\/index.php?rest_route=\/wp\/v2\/posts"}],"about":[{"href":"http:\/\/www.fontur.gob.ve\/index.php?rest_route=\/wp\/v2\/types\/post"}],"author":[{"embeddable":true,"href":"http:\/\/www.fontur.gob.ve\/index.php?rest_route=\/wp\/v2\/users\/4"}],"replies":[{"embeddable":true,"href":"http:\/\/www.fontur.gob.ve\/index.php?rest_route=%2Fwp%2Fv2%2Fcomments&post=15391"}],"version-history":[{"count":1,"href":"http:\/\/www.fontur.gob.ve\/index.php?rest_route=\/wp\/v2\/posts\/15391\/revisions"}],"predecessor-version":[{"id":15396,"href":"http:\/\/www.fontur.gob.ve\/index.php?rest_route=\/wp\/v2\/posts\/15391\/revisions\/15396"}],"wp:featuredmedia":[{"embeddable":true,"href":"http:\/\/www.fontur.gob.ve\/index.php?rest_route=\/wp\/v2\/media\/15398"}],"wp:attachment":[{"href":"http:\/\/www.fontur.gob.ve\/index.php?rest_route=%2Fwp%2Fv2%2Fmedia&parent=15391"}],"wp:term":[{"taxonomy":"category","embeddable":true,"href":"http:\/\/www.fontur.gob.ve\/index.php?rest_route=%2Fwp%2Fv2%2Fcategories&post=15391"},{"taxonomy":"post_tag","embeddable":true,"href":"http:\/\/www.fontur.gob.ve\/index.php?rest_route=%2Fwp%2Fv2%2Ftags&post=15391"}],"curies":[{"name":"wp","href":"https:\/\/api.w.org\/{rel}","templated":true}]}}