{"id":15363,"date":"2025-07-18T14:10:52","date_gmt":"2025-07-18T20:10:52","guid":{"rendered":"http:\/\/www.fontur.gob.ve\/?p=15363"},"modified":"2025-07-18T14:45:12","modified_gmt":"2025-07-18T20:45:12","slug":"trabajadores-y-trabajadoras-de-fontur-participaron-en-conversatorio-sobre-educacion-financiera","status":"publish","type":"post","link":"http:\/\/www.fontur.gob.ve\/?p=15363","title":{"rendered":"Trabajadores y trabajadoras de Fontur participaron en conversatorio sobre educaci\u00f3n financiera"},"content":{"rendered":"<p style=\"text-align: justify;\">En el marco del programa \u201cViernes Patri\u00f3tico\u201d, los trabajadores y trabajadoras de Fontur asistieron a una jornada formativa realizada en el Sal\u00f3n Araguaney, donde se llev\u00f3 a cabo un conversatorio llamado \u00abFinanzas Personales Aplicadas a Nuestra Realidad\u00bb.<\/p>\n<p style=\"text-align: justify;\">La actividad estuvo dirigida por Johan Moreno, coordinador de FundaYacucho Caracas, y Jos\u00e9 Ignacio Guarino, licenciado en Administraci\u00f3n de Empresas, quienes ofrecieron herramientas clave para alcanzar metas financieras personales de manera organizada, clara y efectiva.<\/p>\n<p style=\"text-align: justify;\">Durante su intervenci\u00f3n, Guarino explic\u00f3 c\u00f3mo muchas personas carecen de la capacitaci\u00f3n necesaria para evaluar riesgos financieros y comprender adecuadamente la informaci\u00f3n que reciben, lo cual puede derivar en decisiones inadecuadas y mayor vulnerabilidad. Se\u00f1al\u00f3 que esta dificultad no solo afecta las finanzas, sino tambi\u00e9n otros \u00e1mbitos como la salud y la seguridad personal.<\/p>\n<p style=\"text-align: justify;\">Asimismo, destac\u00f3 la importancia de establecer objetivos financieros claros, elaborar un presupuesto, ahorrar con regularidad, reducir deudas y, en la medida de lo posible, invertir de forma inteligente. Subray\u00f3 tambi\u00e9n la necesidad de hacer seguimiento continuo al progreso y ajustar los planes seg\u00fan sea necesario, con el fin de mantener la estabilidad financiera y lograr una mejor calidad de vida.<\/p>\n\n\t\t<style type=\"text\/css\">\n\t\t\t#gallery-1 {\n\t\t\t\tmargin: auto;\n\t\t\t}\n\t\t\t#gallery-1 .gallery-item {\n\t\t\t\tfloat: left;\n\t\t\t\tmargin-top: 10px;\n\t\t\t\ttext-align: center;\n\t\t\t\twidth: 20%;\n\t\t\t}\n\t\t\t#gallery-1 img {\n\t\t\t\tborder: 2px solid #cfcfcf;\n\t\t\t}\n\t\t\t#gallery-1 .gallery-caption {\n\t\t\t\tmargin-left: 0;\n\t\t\t}\n\t\t\t\/* see gallery_shortcode() in wp-includes\/media.php *\/\n\t\t<\/style>\n\t\t<div id='gallery-1' class='gallery galleryid-15363 gallery-columns-5 gallery-size-thumbnail'><dl class='gallery-item'>\n\t\t\t<dt class='gallery-icon landscape'>\n\t\t\t\t<a href='http:\/\/www.fontur.gob.ve\/?attachment_id=15364#main'><img loading=\"lazy\" decoding=\"async\" width=\"150\" height=\"150\" src=\"http:\/\/www.fontur.gob.ve\/wp-content\/uploads\/2025\/07\/photo_2025-07-18_12-47-28-150x150.jpg\" class=\"attachment-thumbnail size-thumbnail\" alt=\"\" \/><\/a>\n\t\t\t<\/dt><\/dl><dl class='gallery-item'>\n\t\t\t<dt class='gallery-icon landscape'>\n\t\t\t\t<a href='http:\/\/www.fontur.gob.ve\/?attachment_id=15365#main'><img loading=\"lazy\" decoding=\"async\" width=\"150\" height=\"150\" src=\"http:\/\/www.fontur.gob.ve\/wp-content\/uploads\/2025\/07\/photo_2025-07-18_12-51-16-150x150.jpg\" class=\"attachment-thumbnail size-thumbnail\" alt=\"\" \/><\/a>\n\t\t\t<\/dt><\/dl><dl class='gallery-item'>\n\t\t\t<dt class='gallery-icon landscape'>\n\t\t\t\t<a href='http:\/\/www.fontur.gob.ve\/?attachment_id=15366#main'><img loading=\"lazy\" decoding=\"async\" width=\"150\" height=\"150\" src=\"http:\/\/www.fontur.gob.ve\/wp-content\/uploads\/2025\/07\/photo_2025-07-18_12-51-20-150x150.jpg\" class=\"attachment-thumbnail size-thumbnail\" alt=\"\" \/><\/a>\n\t\t\t<\/dt><\/dl><dl class='gallery-item'>\n\t\t\t<dt class='gallery-icon landscape'>\n\t\t\t\t<a href='http:\/\/www.fontur.gob.ve\/?attachment_id=15367#main'><img loading=\"lazy\" decoding=\"async\" width=\"150\" height=\"150\" src=\"http:\/\/www.fontur.gob.ve\/wp-content\/uploads\/2025\/07\/photo_2025-07-18_12-51-21-150x150.jpg\" class=\"attachment-thumbnail size-thumbnail\" alt=\"\" \/><\/a>\n\t\t\t<\/dt><\/dl><dl class='gallery-item'>\n\t\t\t<dt class='gallery-icon landscape'>\n\t\t\t\t<a href='http:\/\/www.fontur.gob.ve\/?attachment_id=15368#main'><img loading=\"lazy\" decoding=\"async\" width=\"150\" height=\"150\" src=\"http:\/\/www.fontur.gob.ve\/wp-content\/uploads\/2025\/07\/photo_2025-07-18_12-51-30-150x150.jpg\" class=\"attachment-thumbnail size-thumbnail\" alt=\"\" \/><\/a>\n\t\t\t<\/dt><\/dl><br style=\"clear: both\" \/>\n\t\t<\/div>\n\n","protected":false},"excerpt":{"rendered":"<p>En el marco del programa \u201cViernes Patri\u00f3tico\u201d, los trabajadores y trabajadoras de Fontur asistieron a una jornada formativa realizada en el Sal\u00f3n Araguaney, donde se llev\u00f3 a cabo un conversatorio <a class=\"more-link\" href=\"http:\/\/www.fontur.gob.ve\/?p=15363\">Leer M\u00e1s \u2192<\/a><\/p>\n","protected":false},"author":4,"featured_media":15371,"comment_status":"closed","ping_status":"closed","sticky":false,"template":"","format":"standard","meta":{"ngg_post_thumbnail":0,"footnotes":""},"categories":[5],"tags":[],"class_list":["post-15363","post","type-post","status-publish","format-standard","has-post-thumbnail","hentry","category-noticias"],"_links":{"self":[{"href":"http:\/\/www.fontur.gob.ve\/index.php?rest_route=\/wp\/v2\/posts\/15363","targetHints":{"allow":["GET"]}}],"collection":[{"href":"http:\/\/www.fontur.gob.ve\/index.php?rest_route=\/wp\/v2\/posts"}],"about":[{"href":"http:\/\/www.fontur.gob.ve\/index.php?rest_route=\/wp\/v2\/types\/post"}],"author":[{"embeddable":true,"href":"http:\/\/www.fontur.gob.ve\/index.php?rest_route=\/wp\/v2\/users\/4"}],"replies":[{"embeddable":true,"href":"http:\/\/www.fontur.gob.ve\/index.php?rest_route=%2Fwp%2Fv2%2Fcomments&post=15363"}],"version-history":[{"count":1,"href":"http:\/\/www.fontur.gob.ve\/index.php?rest_route=\/wp\/v2\/posts\/15363\/revisions"}],"predecessor-version":[{"id":15370,"href":"http:\/\/www.fontur.gob.ve\/index.php?rest_route=\/wp\/v2\/posts\/15363\/revisions\/15370"}],"wp:featuredmedia":[{"embeddable":true,"href":"http:\/\/www.fontur.gob.ve\/index.php?rest_route=\/wp\/v2\/media\/15371"}],"wp:attachment":[{"href":"http:\/\/www.fontur.gob.ve\/index.php?rest_route=%2Fwp%2Fv2%2Fmedia&parent=15363"}],"wp:term":[{"taxonomy":"category","embeddable":true,"href":"http:\/\/www.fontur.gob.ve\/index.php?rest_route=%2Fwp%2Fv2%2Fcategories&post=15363"},{"taxonomy":"post_tag","embeddable":true,"href":"http:\/\/www.fontur.gob.ve\/index.php?rest_route=%2Fwp%2Fv2%2Ftags&post=15363"}],"curies":[{"name":"wp","href":"https:\/\/api.w.org\/{rel}","templated":true}]}}