{"id":15354,"date":"2025-07-18T11:27:40","date_gmt":"2025-07-18T17:27:40","guid":{"rendered":"http:\/\/www.fontur.gob.ve\/?p=15354"},"modified":"2025-07-18T14:53:38","modified_gmt":"2025-07-18T20:53:38","slug":"fontur-en-la-calle-proponen-mejorias-en-el-sector-transporte-en-caracas","status":"publish","type":"post","link":"http:\/\/www.fontur.gob.ve\/?p=15354","title":{"rendered":"Fontur en la calle: proponen mejor\u00edas en el sector transporte en Caracas"},"content":{"rendered":"<p style=\"text-align: justify;\">El Presidente Ejecutivo de Fontur, Guillermo Eloy Sulbar\u00e1n Castillo afirm\u00f3 este viernes 18 de julio que la alcaldesa de Caracas, Carmen Mel\u00e9ndez, concejales y personal de Fontur han<br \/>\nescuchado las propuestas de transportistas para mejorar el servicio de transporte en la capital del pa\u00eds.<\/p>\n<p style=\"text-align: justify;\">En el programa de \u00abFontur en la Calle\u00bb, edici\u00f3n n\u00famero 82, el alto funcionario destac\u00f3 la importante participaci\u00f3n de la clase trabajadora en proponer ideas que solucionen el servicio de transporte en el pa\u00eds. \u00abEstamos trabajando hacia pol\u00edticas de inclusi\u00f3n que empoderen al pueblo para as\u00ed lograr avanzar y ver resultados positivos. Somos gente que resuelve\u00bb asegur\u00f3 Sulbar\u00e1n Castillo.<\/p>\n<p style=\"text-align: justify;\">Por otra parte, se\u00f1al\u00f3 que la candidata a las elecciones municipales por el Gran Polo Patri\u00f3tico, Carmen Mel\u00e9ndez ha participado conjunto a los concejales en reuniones con los consejos comunales para seguir avanzando en los proyectos de reordenamiento de la capital a trav\u00e9s del programa Caracas Sonr\u00ede.<\/p>\n<p style=\"text-align: justify;\">Durante el desarrollo del espacio radiof\u00f3nica, el Concejal del Municipio Bolivariano Libertador y Candidato lista a Concejal por Caracas, Hern\u00e1n Iriarte, reiter\u00f3 su apoyo a la Almiranta Carmen Mel\u00e9ndez en ganar las pr\u00f3ximas elecciones del 27 de julio. \u00abLos movimientos sociales y comunas respaldamos a nuestra candidata. No est\u00e1 sola. Seguimos sesionando en la calle cumpliendo con nuestros objetivos para ver una Caracas s\u00f3lida, potencia, humana y tur\u00edstica\u00bb indic\u00f3 Iriarte.<\/p>\n<p style=\"text-align: justify;\">Por otro lado, el segundo invitado, el Candidato a Concejal del Circuito 1 de Caracas por el PSUV, Luis Ist\u00fariz invit\u00f3 a las l\u00edneas de mototaxistas a incorporarse a las reuniones de los consejos comunales para impulsar los avances de movilidad de los ciudadanos en todo el territorio nacional.<\/p>\n\n\t\t<style type=\"text\/css\">\n\t\t\t#gallery-1 {\n\t\t\t\tmargin: auto;\n\t\t\t}\n\t\t\t#gallery-1 .gallery-item {\n\t\t\t\tfloat: left;\n\t\t\t\tmargin-top: 10px;\n\t\t\t\ttext-align: center;\n\t\t\t\twidth: 16%;\n\t\t\t}\n\t\t\t#gallery-1 img {\n\t\t\t\tborder: 2px solid #cfcfcf;\n\t\t\t}\n\t\t\t#gallery-1 .gallery-caption {\n\t\t\t\tmargin-left: 0;\n\t\t\t}\n\t\t\t\/* see gallery_shortcode() in wp-includes\/media.php *\/\n\t\t<\/style>\n\t\t<div id='gallery-1' class='gallery galleryid-15354 gallery-columns-6 gallery-size-thumbnail'><dl class='gallery-item'>\n\t\t\t<dt class='gallery-icon portrait'>\n\t\t\t\t<a href='http:\/\/www.fontur.gob.ve\/?attachment_id=15355#main'><img loading=\"lazy\" decoding=\"async\" width=\"150\" height=\"150\" src=\"http:\/\/www.fontur.gob.ve\/wp-content\/uploads\/2025\/07\/IMG_20250718_090122-150x150.jpg\" class=\"attachment-thumbnail size-thumbnail\" alt=\"\" \/><\/a>\n\t\t\t<\/dt><\/dl><dl class='gallery-item'>\n\t\t\t<dt class='gallery-icon portrait'>\n\t\t\t\t<a href='http:\/\/www.fontur.gob.ve\/?attachment_id=15356#main'><img loading=\"lazy\" decoding=\"async\" width=\"150\" height=\"150\" src=\"http:\/\/www.fontur.gob.ve\/wp-content\/uploads\/2025\/07\/IMG_20250718_090318-150x150.jpg\" class=\"attachment-thumbnail size-thumbnail\" alt=\"\" \/><\/a>\n\t\t\t<\/dt><\/dl><dl class='gallery-item'>\n\t\t\t<dt class='gallery-icon portrait'>\n\t\t\t\t<a href='http:\/\/www.fontur.gob.ve\/?attachment_id=15357#main'><img loading=\"lazy\" decoding=\"async\" width=\"150\" height=\"150\" src=\"http:\/\/www.fontur.gob.ve\/wp-content\/uploads\/2025\/07\/IMG_20250718_091406-150x150.jpg\" class=\"attachment-thumbnail size-thumbnail\" alt=\"\" \/><\/a>\n\t\t\t<\/dt><\/dl><dl class='gallery-item'>\n\t\t\t<dt class='gallery-icon landscape'>\n\t\t\t\t<a href='http:\/\/www.fontur.gob.ve\/?attachment_id=15358#main'><img loading=\"lazy\" decoding=\"async\" width=\"150\" height=\"150\" src=\"http:\/\/www.fontur.gob.ve\/wp-content\/uploads\/2025\/07\/IMG_20250718_092836-150x150.jpg\" class=\"attachment-thumbnail size-thumbnail\" alt=\"\" \/><\/a>\n\t\t\t<\/dt><\/dl><dl class='gallery-item'>\n\t\t\t<dt class='gallery-icon portrait'>\n\t\t\t\t<a href='http:\/\/www.fontur.gob.ve\/?attachment_id=15359#main'><img loading=\"lazy\" decoding=\"async\" width=\"150\" height=\"150\" src=\"http:\/\/www.fontur.gob.ve\/wp-content\/uploads\/2025\/07\/IMG_20250718_092935-150x150.jpg\" class=\"attachment-thumbnail size-thumbnail\" alt=\"\" \/><\/a>\n\t\t\t<\/dt><\/dl><dl class='gallery-item'>\n\t\t\t<dt class='gallery-icon landscape'>\n\t\t\t\t<a href='http:\/\/www.fontur.gob.ve\/?attachment_id=15360#main'><img loading=\"lazy\" decoding=\"async\" width=\"150\" height=\"150\" src=\"http:\/\/www.fontur.gob.ve\/wp-content\/uploads\/2025\/07\/IMG_20250718_093741-150x150.jpg\" class=\"attachment-thumbnail size-thumbnail\" alt=\"\" \/><\/a>\n\t\t\t<\/dt><\/dl><br style=\"clear: both\" \/>\n\t\t<\/div>\n\n","protected":false},"excerpt":{"rendered":"<p>El Presidente Ejecutivo de Fontur, Guillermo Eloy Sulbar\u00e1n Castillo afirm\u00f3 este viernes 18 de julio que la alcaldesa de Caracas, Carmen Mel\u00e9ndez, concejales y personal de Fontur han escuchado las <a class=\"more-link\" href=\"http:\/\/www.fontur.gob.ve\/?p=15354\">Leer M\u00e1s \u2192<\/a><\/p>\n","protected":false},"author":4,"featured_media":15388,"comment_status":"closed","ping_status":"closed","sticky":false,"template":"","format":"standard","meta":{"ngg_post_thumbnail":0,"footnotes":""},"categories":[4],"tags":[],"class_list":["post-15354","post","type-post","status-publish","format-standard","has-post-thumbnail","hentry","category-destacados"],"_links":{"self":[{"href":"http:\/\/www.fontur.gob.ve\/index.php?rest_route=\/wp\/v2\/posts\/15354","targetHints":{"allow":["GET"]}}],"collection":[{"href":"http:\/\/www.fontur.gob.ve\/index.php?rest_route=\/wp\/v2\/posts"}],"about":[{"href":"http:\/\/www.fontur.gob.ve\/index.php?rest_route=\/wp\/v2\/types\/post"}],"author":[{"embeddable":true,"href":"http:\/\/www.fontur.gob.ve\/index.php?rest_route=\/wp\/v2\/users\/4"}],"replies":[{"embeddable":true,"href":"http:\/\/www.fontur.gob.ve\/index.php?rest_route=%2Fwp%2Fv2%2Fcomments&post=15354"}],"version-history":[{"count":1,"href":"http:\/\/www.fontur.gob.ve\/index.php?rest_route=\/wp\/v2\/posts\/15354\/revisions"}],"predecessor-version":[{"id":15362,"href":"http:\/\/www.fontur.gob.ve\/index.php?rest_route=\/wp\/v2\/posts\/15354\/revisions\/15362"}],"wp:featuredmedia":[{"embeddable":true,"href":"http:\/\/www.fontur.gob.ve\/index.php?rest_route=\/wp\/v2\/media\/15388"}],"wp:attachment":[{"href":"http:\/\/www.fontur.gob.ve\/index.php?rest_route=%2Fwp%2Fv2%2Fmedia&parent=15354"}],"wp:term":[{"taxonomy":"category","embeddable":true,"href":"http:\/\/www.fontur.gob.ve\/index.php?rest_route=%2Fwp%2Fv2%2Fcategories&post=15354"},{"taxonomy":"post_tag","embeddable":true,"href":"http:\/\/www.fontur.gob.ve\/index.php?rest_route=%2Fwp%2Fv2%2Ftags&post=15354"}],"curies":[{"name":"wp","href":"https:\/\/api.w.org\/{rel}","templated":true}]}}