{"id":15301,"date":"2025-07-11T14:18:42","date_gmt":"2025-07-11T20:18:42","guid":{"rendered":"http:\/\/www.fontur.gob.ve\/?p=15301"},"modified":"2025-07-11T14:41:21","modified_gmt":"2025-07-11T20:41:21","slug":"fontur-inicio-ciclo-de-formacion-politica-denominado-viernes-patrioticos","status":"publish","type":"post","link":"http:\/\/www.fontur.gob.ve\/?p=15301","title":{"rendered":"Fontur inici\u00f3 ciclo de formaci\u00f3n pol\u00edtica denominado \u00abViernes Patri\u00f3ticos\u00bb"},"content":{"rendered":"<p style=\"text-align: justify;\">Con una ponencia denominada \u00abMedidas Coercitivas, Ley Antibloqueo y el Impacto Pol\u00edtico de las Sanciones\u00bb en Venezuela inici\u00f3 este viernes 11 de julio la programaci\u00f3n \u00abViernes Patri\u00f3tico\u00bb en las instalaciones del Sal\u00f3n Araguaney de Fontur.<\/p>\n<p style=\"text-align: justify;\">La actividad estuvo encabezada por el Presidente Ejecutivo de Fontur, Guillermo Eloy Sulbar\u00e1n Castillo, quien destac\u00f3 la importancia de darle vida pol\u00edtica a la instituci\u00f3n, resaltando adem\u00e1s la incidencia y efectos del algoritmo impuesto en las redes sociales, ya que \u00e9stas buscan imponer y manejar los roles a su antojo. Pero adem\u00e1s ocultan como la econom\u00eda de nuestro pa\u00eds se est\u00e1 moviendo y la gente anda feliz en la calle.<\/p>\n<p style=\"text-align: justify;\">El conversatorio estuvo a cargo de Johan Moreno y Jos\u00e9 Gregorio Hern\u00e1ndez, representantes del Ministerio del Poder Popular de Econom\u00eda y Finanzas y del Observatorio Internacional Antibloqueo, quienes de manera clara y precisa explicaron c\u00f3mo cada ciudadano representa un dato o un n\u00famero para los intereses internacionales.<\/p>\n<p style=\"text-align: justify;\">Johan Moreno resalt\u00f3: \u00abEsta ponencia nos va a servir para conocer c\u00f3mo el hegem\u00f3n nos utiliza para confundir y mediante informaci\u00f3n compartida en correos electr\u00f3nicos \u00abGoogle tienen acceso a saber qu\u00e9 hacemos, c\u00f3mo lo hacemos y en qu\u00e9 andamos\u00bb.<\/p>\n<p style=\"text-align: justify;\">Por su parte, Jos\u00e9 Gregorio Hern\u00e1ndez explic\u00f3 el impacto de la econom\u00eda, la inflaci\u00f3n y c\u00f3mo afecta en la econom\u00eda de Venezuela la perversa tasa del d\u00f3lar, y lo que representa el mal uso de las redes sociales que fomenta la desinformaci\u00f3n.<\/p>\n<p style=\"text-align: justify;\">Adem\u00e1s resalt\u00f3: \u00abHay que conocer que de las 34 mil medidas coercitivas aplicadas al mundo, el 90% recae sobre los pa\u00edses productores de petr\u00f3leo como: Venezuela, Ir\u00e1n, Rusia, Siria, entre otros\u00bb.<\/p>\n<p style=\"text-align: justify;\">Estas actividades buscan fortalecer el an\u00e1lisis pol\u00edtico y cr\u00edtico de la clase trabajadora de Fontur dentro y fuera de la instituci\u00f3n. \u00abTodos los d\u00edas andamos caminando en la calle y no entendemos la inflaci\u00f3n ni la crisis econ\u00f3mica, y estamos luchando para que se entienda y sobre todo el porqu\u00e9 de las sanciones sobre nuestro pa\u00eds\u00bb, enfatiz\u00f3 Hern\u00e1ndez.<\/p>\n\n\t\t<style type=\"text\/css\">\n\t\t\t#gallery-1 {\n\t\t\t\tmargin: auto;\n\t\t\t}\n\t\t\t#gallery-1 .gallery-item {\n\t\t\t\tfloat: left;\n\t\t\t\tmargin-top: 10px;\n\t\t\t\ttext-align: center;\n\t\t\t\twidth: 12%;\n\t\t\t}\n\t\t\t#gallery-1 img {\n\t\t\t\tborder: 2px solid #cfcfcf;\n\t\t\t}\n\t\t\t#gallery-1 .gallery-caption {\n\t\t\t\tmargin-left: 0;\n\t\t\t}\n\t\t\t\/* see gallery_shortcode() in wp-includes\/media.php *\/\n\t\t<\/style>\n\t\t<div id='gallery-1' class='gallery galleryid-15301 gallery-columns-8 gallery-size-thumbnail'><dl class='gallery-item'>\n\t\t\t<dt class='gallery-icon landscape'>\n\t\t\t\t<a href='http:\/\/www.fontur.gob.ve\/?attachment_id=15304#main'><img loading=\"lazy\" decoding=\"async\" width=\"150\" height=\"150\" src=\"http:\/\/www.fontur.gob.ve\/wp-content\/uploads\/2025\/07\/photo_2025-07-11_15-31-27-150x150.jpg\" class=\"attachment-thumbnail size-thumbnail\" alt=\"\" \/><\/a>\n\t\t\t<\/dt><\/dl><dl class='gallery-item'>\n\t\t\t<dt class='gallery-icon landscape'>\n\t\t\t\t<a href='http:\/\/www.fontur.gob.ve\/?attachment_id=15305#main'><img loading=\"lazy\" decoding=\"async\" width=\"150\" height=\"150\" src=\"http:\/\/www.fontur.gob.ve\/wp-content\/uploads\/2025\/07\/photo_2025-07-11_15-32-40-150x150.jpg\" class=\"attachment-thumbnail size-thumbnail\" alt=\"\" \/><\/a>\n\t\t\t<\/dt><\/dl><dl class='gallery-item'>\n\t\t\t<dt class='gallery-icon landscape'>\n\t\t\t\t<a href='http:\/\/www.fontur.gob.ve\/?attachment_id=15306#main'><img loading=\"lazy\" decoding=\"async\" width=\"150\" height=\"150\" src=\"http:\/\/www.fontur.gob.ve\/wp-content\/uploads\/2025\/07\/photo_2025-07-11_15-32-47-150x150.jpg\" class=\"attachment-thumbnail size-thumbnail\" alt=\"\" \/><\/a>\n\t\t\t<\/dt><\/dl><dl class='gallery-item'>\n\t\t\t<dt class='gallery-icon landscape'>\n\t\t\t\t<a href='http:\/\/www.fontur.gob.ve\/?attachment_id=15307#main'><img loading=\"lazy\" decoding=\"async\" width=\"150\" height=\"150\" src=\"http:\/\/www.fontur.gob.ve\/wp-content\/uploads\/2025\/07\/photo_2025-07-11_15-33-08-150x150.jpg\" class=\"attachment-thumbnail size-thumbnail\" alt=\"\" \/><\/a>\n\t\t\t<\/dt><\/dl><dl class='gallery-item'>\n\t\t\t<dt class='gallery-icon landscape'>\n\t\t\t\t<a href='http:\/\/www.fontur.gob.ve\/?attachment_id=15312#main'><img loading=\"lazy\" decoding=\"async\" width=\"150\" height=\"150\" src=\"http:\/\/www.fontur.gob.ve\/wp-content\/uploads\/2025\/07\/photo_2025-07-11_15-30-21-150x150.jpg\" class=\"attachment-thumbnail size-thumbnail\" alt=\"\" \/><\/a>\n\t\t\t<\/dt><\/dl><dl class='gallery-item'>\n\t\t\t<dt class='gallery-icon landscape'>\n\t\t\t\t<a href='http:\/\/www.fontur.gob.ve\/?attachment_id=15313#main'><img loading=\"lazy\" decoding=\"async\" width=\"150\" height=\"150\" src=\"http:\/\/www.fontur.gob.ve\/wp-content\/uploads\/2025\/07\/photo_2025-07-11_15-31-07-150x150.jpg\" class=\"attachment-thumbnail size-thumbnail\" alt=\"\" \/><\/a>\n\t\t\t<\/dt><\/dl><dl class='gallery-item'>\n\t\t\t<dt class='gallery-icon landscape'>\n\t\t\t\t<a href='http:\/\/www.fontur.gob.ve\/?attachment_id=15314#main'><img loading=\"lazy\" decoding=\"async\" width=\"150\" height=\"150\" src=\"http:\/\/www.fontur.gob.ve\/wp-content\/uploads\/2025\/07\/photo_2025-07-11_15-31-59-150x150.jpg\" class=\"attachment-thumbnail size-thumbnail\" alt=\"\" srcset=\"http:\/\/www.fontur.gob.ve\/wp-content\/uploads\/2025\/07\/photo_2025-07-11_15-31-59-150x150.jpg 150w, http:\/\/www.fontur.gob.ve\/wp-content\/uploads\/2025\/07\/photo_2025-07-11_15-31-59-300x300.jpg 300w, http:\/\/www.fontur.gob.ve\/wp-content\/uploads\/2025\/07\/photo_2025-07-11_15-31-59.jpg 722w\" sizes=\"auto, (max-width: 150px) 100vw, 150px\" \/><\/a>\n\t\t\t<\/dt><\/dl><dl class='gallery-item'>\n\t\t\t<dt class='gallery-icon landscape'>\n\t\t\t\t<a href='http:\/\/www.fontur.gob.ve\/?attachment_id=15315#main'><img loading=\"lazy\" decoding=\"async\" width=\"150\" height=\"150\" src=\"http:\/\/www.fontur.gob.ve\/wp-content\/uploads\/2025\/07\/photo_2025-07-11_15-32-31-150x150.jpg\" class=\"attachment-thumbnail size-thumbnail\" alt=\"\" \/><\/a>\n\t\t\t<\/dt><\/dl><br style=\"clear: both\" \/>\n\t\t<\/div>\n\n","protected":false},"excerpt":{"rendered":"<p>Con una ponencia denominada \u00abMedidas Coercitivas, Ley Antibloqueo y el Impacto Pol\u00edtico de las Sanciones\u00bb en Venezuela inici\u00f3 este viernes 11 de julio la programaci\u00f3n \u00abViernes Patri\u00f3tico\u00bb en las instalaciones <a class=\"more-link\" href=\"http:\/\/www.fontur.gob.ve\/?p=15301\">Leer M\u00e1s \u2192<\/a><\/p>\n","protected":false},"author":4,"featured_media":15303,"comment_status":"closed","ping_status":"closed","sticky":false,"template":"","format":"standard","meta":{"ngg_post_thumbnail":0,"footnotes":""},"categories":[5],"tags":[],"class_list":["post-15301","post","type-post","status-publish","format-standard","has-post-thumbnail","hentry","category-noticias"],"_links":{"self":[{"href":"http:\/\/www.fontur.gob.ve\/index.php?rest_route=\/wp\/v2\/posts\/15301","targetHints":{"allow":["GET"]}}],"collection":[{"href":"http:\/\/www.fontur.gob.ve\/index.php?rest_route=\/wp\/v2\/posts"}],"about":[{"href":"http:\/\/www.fontur.gob.ve\/index.php?rest_route=\/wp\/v2\/types\/post"}],"author":[{"embeddable":true,"href":"http:\/\/www.fontur.gob.ve\/index.php?rest_route=\/wp\/v2\/users\/4"}],"replies":[{"embeddable":true,"href":"http:\/\/www.fontur.gob.ve\/index.php?rest_route=%2Fwp%2Fv2%2Fcomments&post=15301"}],"version-history":[{"count":5,"href":"http:\/\/www.fontur.gob.ve\/index.php?rest_route=\/wp\/v2\/posts\/15301\/revisions"}],"predecessor-version":[{"id":15316,"href":"http:\/\/www.fontur.gob.ve\/index.php?rest_route=\/wp\/v2\/posts\/15301\/revisions\/15316"}],"wp:featuredmedia":[{"embeddable":true,"href":"http:\/\/www.fontur.gob.ve\/index.php?rest_route=\/wp\/v2\/media\/15303"}],"wp:attachment":[{"href":"http:\/\/www.fontur.gob.ve\/index.php?rest_route=%2Fwp%2Fv2%2Fmedia&parent=15301"}],"wp:term":[{"taxonomy":"category","embeddable":true,"href":"http:\/\/www.fontur.gob.ve\/index.php?rest_route=%2Fwp%2Fv2%2Fcategories&post=15301"},{"taxonomy":"post_tag","embeddable":true,"href":"http:\/\/www.fontur.gob.ve\/index.php?rest_route=%2Fwp%2Fv2%2Ftags&post=15301"}],"curies":[{"name":"wp","href":"https:\/\/api.w.org\/{rel}","templated":true}]}}