{"id":15280,"date":"2025-07-09T14:39:08","date_gmt":"2025-07-09T20:39:08","guid":{"rendered":"http:\/\/www.fontur.gob.ve\/?p=15280"},"modified":"2025-07-09T14:39:08","modified_gmt":"2025-07-09T20:39:08","slug":"asociacion-de-cooperativa-coche-vargas-realiza-aporte-a-los-estados-andinos","status":"publish","type":"post","link":"http:\/\/www.fontur.gob.ve\/?p=15280","title":{"rendered":"Asociaci\u00f3n de Cooperativa Coche Vargas realiza aporte a los estados andinos"},"content":{"rendered":"<p style=\"text-align: justify;\">La Asociaci\u00f3n de Cooperativa de Transporte Coche Vargas realiz\u00f3 su donaci\u00f3n, este mi\u00e9rcoles 09 de julio, de art\u00edculos de primera necesidad para los hermanos de Barinas, M\u00e9rida, Trujillo y T\u00e1chira; a trav\u00e9s del Centro de Acopio de FONTUR.<\/p>\n<p style=\"text-align: justify;\">As\u00ed lo inform\u00f3 Marcos de Freitas, Presidente de la Asociaci\u00f3n \u201cHoy 09 de julio, estoy en Fontur, en representaci\u00f3n de todos los asociados de la AC Valle Coche, haciendo un peque\u00f1o donativo a los hermanos Barinas, M\u00e9rida, Trujillo y T\u00e1chira, quienes se ven afectados por las lluvias en los estados Andinos\u00bb.<\/p>\n<p style=\"text-align: justify;\">Los transportistas de Caracas se unen a la campa\u00f1a de solidaridad del Gobierno Bolivariano con los pueblos andinos fuertemente abatidos por las torrenciales luvias de los \u00faltimos d\u00edas.<\/p>\n\n\t\t<style type=\"text\/css\">\n\t\t\t#gallery-1 {\n\t\t\t\tmargin: auto;\n\t\t\t}\n\t\t\t#gallery-1 .gallery-item {\n\t\t\t\tfloat: left;\n\t\t\t\tmargin-top: 10px;\n\t\t\t\ttext-align: center;\n\t\t\t\twidth: 25%;\n\t\t\t}\n\t\t\t#gallery-1 img {\n\t\t\t\tborder: 2px solid #cfcfcf;\n\t\t\t}\n\t\t\t#gallery-1 .gallery-caption {\n\t\t\t\tmargin-left: 0;\n\t\t\t}\n\t\t\t\/* see gallery_shortcode() in wp-includes\/media.php *\/\n\t\t<\/style>\n\t\t<div id='gallery-1' class='gallery galleryid-15280 gallery-columns-4 gallery-size-thumbnail'><dl class='gallery-item'>\n\t\t\t<dt class='gallery-icon landscape'>\n\t\t\t\t<a href='http:\/\/www.fontur.gob.ve\/?attachment_id=15281#main'><img loading=\"lazy\" decoding=\"async\" width=\"150\" height=\"150\" src=\"http:\/\/www.fontur.gob.ve\/wp-content\/uploads\/2025\/07\/photo_5148132364776485126_y-150x150.jpg\" class=\"attachment-thumbnail size-thumbnail\" alt=\"\" srcset=\"http:\/\/www.fontur.gob.ve\/wp-content\/uploads\/2025\/07\/photo_5148132364776485126_y-150x150.jpg 150w, http:\/\/www.fontur.gob.ve\/wp-content\/uploads\/2025\/07\/photo_5148132364776485126_y-300x300.jpg 300w, http:\/\/www.fontur.gob.ve\/wp-content\/uploads\/2025\/07\/photo_5148132364776485126_y-1024x1024.jpg 1024w, http:\/\/www.fontur.gob.ve\/wp-content\/uploads\/2025\/07\/photo_5148132364776485126_y-768x768.jpg 768w, http:\/\/www.fontur.gob.ve\/wp-content\/uploads\/2025\/07\/photo_5148132364776485126_y.jpg 1280w\" sizes=\"auto, (max-width: 150px) 100vw, 150px\" \/><\/a>\n\t\t\t<\/dt><\/dl><dl class='gallery-item'>\n\t\t\t<dt class='gallery-icon landscape'>\n\t\t\t\t<a href='http:\/\/www.fontur.gob.ve\/?attachment_id=15282#main'><img loading=\"lazy\" decoding=\"async\" width=\"150\" height=\"150\" src=\"http:\/\/www.fontur.gob.ve\/wp-content\/uploads\/2025\/07\/photo_5148132364776485127_y-150x150.jpg\" class=\"attachment-thumbnail size-thumbnail\" alt=\"\" srcset=\"http:\/\/www.fontur.gob.ve\/wp-content\/uploads\/2025\/07\/photo_5148132364776485127_y-150x150.jpg 150w, http:\/\/www.fontur.gob.ve\/wp-content\/uploads\/2025\/07\/photo_5148132364776485127_y-300x300.jpg 300w, http:\/\/www.fontur.gob.ve\/wp-content\/uploads\/2025\/07\/photo_5148132364776485127_y-1024x1024.jpg 1024w, http:\/\/www.fontur.gob.ve\/wp-content\/uploads\/2025\/07\/photo_5148132364776485127_y-768x768.jpg 768w, http:\/\/www.fontur.gob.ve\/wp-content\/uploads\/2025\/07\/photo_5148132364776485127_y.jpg 1280w\" sizes=\"auto, (max-width: 150px) 100vw, 150px\" \/><\/a>\n\t\t\t<\/dt><\/dl><dl class='gallery-item'>\n\t\t\t<dt class='gallery-icon landscape'>\n\t\t\t\t<a href='http:\/\/www.fontur.gob.ve\/?attachment_id=15283#main'><img loading=\"lazy\" decoding=\"async\" width=\"150\" height=\"150\" src=\"http:\/\/www.fontur.gob.ve\/wp-content\/uploads\/2025\/07\/photo_5148132364776485129_y-150x150.jpg\" class=\"attachment-thumbnail size-thumbnail\" alt=\"\" srcset=\"http:\/\/www.fontur.gob.ve\/wp-content\/uploads\/2025\/07\/photo_5148132364776485129_y-150x150.jpg 150w, http:\/\/www.fontur.gob.ve\/wp-content\/uploads\/2025\/07\/photo_5148132364776485129_y-300x300.jpg 300w, http:\/\/www.fontur.gob.ve\/wp-content\/uploads\/2025\/07\/photo_5148132364776485129_y-1024x1024.jpg 1024w, http:\/\/www.fontur.gob.ve\/wp-content\/uploads\/2025\/07\/photo_5148132364776485129_y-768x768.jpg 768w, http:\/\/www.fontur.gob.ve\/wp-content\/uploads\/2025\/07\/photo_5148132364776485129_y.jpg 1280w\" sizes=\"auto, (max-width: 150px) 100vw, 150px\" \/><\/a>\n\t\t\t<\/dt><\/dl><dl class='gallery-item'>\n\t\t\t<dt class='gallery-icon landscape'>\n\t\t\t\t<a href='http:\/\/www.fontur.gob.ve\/?attachment_id=15284#main'><img loading=\"lazy\" decoding=\"async\" width=\"150\" height=\"150\" src=\"http:\/\/www.fontur.gob.ve\/wp-content\/uploads\/2025\/07\/photo_5148132364776485131_y-1-150x150.jpg\" class=\"attachment-thumbnail size-thumbnail\" alt=\"\" srcset=\"http:\/\/www.fontur.gob.ve\/wp-content\/uploads\/2025\/07\/photo_5148132364776485131_y-1-150x150.jpg 150w, http:\/\/www.fontur.gob.ve\/wp-content\/uploads\/2025\/07\/photo_5148132364776485131_y-1-300x300.jpg 300w, http:\/\/www.fontur.gob.ve\/wp-content\/uploads\/2025\/07\/photo_5148132364776485131_y-1-1024x1024.jpg 1024w, http:\/\/www.fontur.gob.ve\/wp-content\/uploads\/2025\/07\/photo_5148132364776485131_y-1-768x768.jpg 768w, http:\/\/www.fontur.gob.ve\/wp-content\/uploads\/2025\/07\/photo_5148132364776485131_y-1.jpg 1280w\" sizes=\"auto, (max-width: 150px) 100vw, 150px\" \/><\/a>\n\t\t\t<\/dt><\/dl><br style=\"clear: both\" \/>\n\t\t<\/div>\n\n","protected":false},"excerpt":{"rendered":"<p>La Asociaci\u00f3n de Cooperativa de Transporte Coche Vargas realiz\u00f3 su donaci\u00f3n, este mi\u00e9rcoles 09 de julio, de art\u00edculos de primera necesidad para los hermanos de Barinas, M\u00e9rida, Trujillo y T\u00e1chira; <a class=\"more-link\" href=\"http:\/\/www.fontur.gob.ve\/?p=15280\">Leer M\u00e1s \u2192<\/a><\/p>\n","protected":false},"author":4,"featured_media":15285,"comment_status":"closed","ping_status":"closed","sticky":false,"template":"","format":"standard","meta":{"ngg_post_thumbnail":0,"footnotes":""},"categories":[5],"tags":[],"class_list":["post-15280","post","type-post","status-publish","format-standard","has-post-thumbnail","hentry","category-noticias"],"_links":{"self":[{"href":"http:\/\/www.fontur.gob.ve\/index.php?rest_route=\/wp\/v2\/posts\/15280","targetHints":{"allow":["GET"]}}],"collection":[{"href":"http:\/\/www.fontur.gob.ve\/index.php?rest_route=\/wp\/v2\/posts"}],"about":[{"href":"http:\/\/www.fontur.gob.ve\/index.php?rest_route=\/wp\/v2\/types\/post"}],"author":[{"embeddable":true,"href":"http:\/\/www.fontur.gob.ve\/index.php?rest_route=\/wp\/v2\/users\/4"}],"replies":[{"embeddable":true,"href":"http:\/\/www.fontur.gob.ve\/index.php?rest_route=%2Fwp%2Fv2%2Fcomments&post=15280"}],"version-history":[{"count":1,"href":"http:\/\/www.fontur.gob.ve\/index.php?rest_route=\/wp\/v2\/posts\/15280\/revisions"}],"predecessor-version":[{"id":15286,"href":"http:\/\/www.fontur.gob.ve\/index.php?rest_route=\/wp\/v2\/posts\/15280\/revisions\/15286"}],"wp:featuredmedia":[{"embeddable":true,"href":"http:\/\/www.fontur.gob.ve\/index.php?rest_route=\/wp\/v2\/media\/15285"}],"wp:attachment":[{"href":"http:\/\/www.fontur.gob.ve\/index.php?rest_route=%2Fwp%2Fv2%2Fmedia&parent=15280"}],"wp:term":[{"taxonomy":"category","embeddable":true,"href":"http:\/\/www.fontur.gob.ve\/index.php?rest_route=%2Fwp%2Fv2%2Fcategories&post=15280"},{"taxonomy":"post_tag","embeddable":true,"href":"http:\/\/www.fontur.gob.ve\/index.php?rest_route=%2Fwp%2Fv2%2Ftags&post=15280"}],"curies":[{"name":"wp","href":"https:\/\/api.w.org\/{rel}","templated":true}]}}