{"id":15228,"date":"2025-07-08T09:28:18","date_gmt":"2025-07-08T15:28:18","guid":{"rendered":"http:\/\/www.fontur.gob.ve\/?p=15228"},"modified":"2025-07-08T09:39:21","modified_gmt":"2025-07-08T15:39:21","slug":"fontur-en-la-calle-arranco-en-altos-mirandinos","status":"publish","type":"post","link":"http:\/\/www.fontur.gob.ve\/?p=15228","title":{"rendered":"Fontur en la Calle arranc\u00f3 en Altos Mirandinos"},"content":{"rendered":"<p style=\"text-align: justify;\">Con la finalidad de seguir garantizando la movilidad del pueblo, este lunes 07 de julio se despleg\u00f3 una Jornada de Atenci\u00f3n a los Transportistas \u201cFontur en la Calle\u201d en el estado Miranda, espec\u00edficamente en la sede de Fontur Miranda en Altos Mirandino, en la carretera Panamericana.<\/p>\n<p style=\"text-align: justify;\">Esta jornada fue encabezada por el Presidente de Fontur, Guillermo Eloy Sulbar\u00e1n Castillo, cont\u00f3 con el acompa\u00f1amiento del personal de la Oficina de Atenci\u00f3n Ciudadana, el Coordinador de Fontur en el estado Miranda, Alirio Monsalve, el profesor de la Unetrans Claudio Far\u00edas y David Manzo candidato a la Alcald\u00eda de Los Salias por el Gran Polo Patri\u00f3tico.<\/p>\n<p style=\"text-align: justify;\">Transportistas, socios y presidentes de l\u00edneas tuvieron la oportunidad de realizar la actualizaci\u00f3n de sus datos personales y veh\u00edculos en el sistema Patria, la actualizaci\u00f3n de huella dactilar para coordinar el beneficio de subsidio de combustible; tambi\u00e9n pudieron adquirir insumos y repuestos a precios solidarios en la @tiendadeltransportista.<\/p>\n<p style=\"text-align: justify;\">Eduardo Camargo, representante de la L\u00ednea Plaza El Trigo del estado Miranda \u00abEstoy muy agradecido al llamado que nos hicieron y aqu\u00ed estamos porque no nos queremos quedar atr\u00e1s, gracias a nuestro Presidente Nicol\u00e1s Maduro y gracias a Fontur por esta organizaci\u00f3n pensada para los transportistas\u00bb.<\/p>\n<p style=\"text-align: justify;\">Por su parte, Roxana Gonz\u00e1lez, representante de la L\u00ednea Asochaguaramas de Altagracia de la Monta\u00f1a ubicada en el municipio Guaicaipuro del estado Miranda, agradeci\u00f3 al Presidente Nicol\u00e1s Maduro Moros, al ministro Ram\u00f3n Celestino Vel\u00e1squez Araguay\u00e1n y a todo el equipo de Fontur por la excelente atenci\u00f3n brindada con el registro de la huella dactilar e inscripci\u00f3n de las l\u00edneas de transporte y la venta de insumos a precios accesibles \u201cque tanto necesitamos para trabajar\u201d.<br \/>\nEstas acciones del Gobierno Bolivariano impulsan el bienestar de los trabajadores del volante para seguir garantizando la movilidad del pueblo.<\/p>\n\n\t\t<style type=\"text\/css\">\n\t\t\t#gallery-1 {\n\t\t\t\tmargin: auto;\n\t\t\t}\n\t\t\t#gallery-1 .gallery-item {\n\t\t\t\tfloat: left;\n\t\t\t\tmargin-top: 10px;\n\t\t\t\ttext-align: center;\n\t\t\t\twidth: 11%;\n\t\t\t}\n\t\t\t#gallery-1 img {\n\t\t\t\tborder: 2px solid #cfcfcf;\n\t\t\t}\n\t\t\t#gallery-1 .gallery-caption {\n\t\t\t\tmargin-left: 0;\n\t\t\t}\n\t\t\t\/* see gallery_shortcode() in wp-includes\/media.php *\/\n\t\t<\/style>\n\t\t<div id='gallery-1' class='gallery galleryid-15228 gallery-columns-9 gallery-size-thumbnail'><dl class='gallery-item'>\n\t\t\t<dt class='gallery-icon portrait'>\n\t\t\t\t<a href='http:\/\/www.fontur.gob.ve\/?attachment_id=15231#main'><img loading=\"lazy\" decoding=\"async\" width=\"150\" height=\"150\" src=\"http:\/\/www.fontur.gob.ve\/wp-content\/uploads\/2025\/07\/photo_2025-07-07_09-59-06-150x150.jpg\" class=\"attachment-thumbnail size-thumbnail\" alt=\"\" \/><\/a>\n\t\t\t<\/dt><\/dl><dl class='gallery-item'>\n\t\t\t<dt class='gallery-icon landscape'>\n\t\t\t\t<a href='http:\/\/www.fontur.gob.ve\/?attachment_id=15232#main'><img loading=\"lazy\" decoding=\"async\" width=\"150\" height=\"150\" src=\"http:\/\/www.fontur.gob.ve\/wp-content\/uploads\/2025\/07\/photo_2025-07-07_10-28-03-150x150.jpg\" class=\"attachment-thumbnail size-thumbnail\" alt=\"\" \/><\/a>\n\t\t\t<\/dt><\/dl><dl class='gallery-item'>\n\t\t\t<dt class='gallery-icon portrait'>\n\t\t\t\t<a href='http:\/\/www.fontur.gob.ve\/?attachment_id=15234#main'><img loading=\"lazy\" decoding=\"async\" width=\"150\" height=\"150\" src=\"http:\/\/www.fontur.gob.ve\/wp-content\/uploads\/2025\/07\/photo_2025-07-07_10-35-46-150x150.jpg\" class=\"attachment-thumbnail size-thumbnail\" alt=\"\" \/><\/a>\n\t\t\t<\/dt><\/dl><dl class='gallery-item'>\n\t\t\t<dt class='gallery-icon landscape'>\n\t\t\t\t<a href='http:\/\/www.fontur.gob.ve\/?attachment_id=15235#main'><img loading=\"lazy\" decoding=\"async\" width=\"150\" height=\"150\" src=\"http:\/\/www.fontur.gob.ve\/wp-content\/uploads\/2025\/07\/photo_2025-07-07_11-00-40-150x150.jpg\" class=\"attachment-thumbnail size-thumbnail\" alt=\"\" \/><\/a>\n\t\t\t<\/dt><\/dl><dl class='gallery-item'>\n\t\t\t<dt class='gallery-icon landscape'>\n\t\t\t\t<a href='http:\/\/www.fontur.gob.ve\/?attachment_id=15237#main'><img loading=\"lazy\" decoding=\"async\" width=\"150\" height=\"150\" src=\"http:\/\/www.fontur.gob.ve\/wp-content\/uploads\/2025\/07\/photo_2025-07-07_11-48-56-150x150.jpg\" class=\"attachment-thumbnail size-thumbnail\" alt=\"\" \/><\/a>\n\t\t\t<\/dt><\/dl><dl class='gallery-item'>\n\t\t\t<dt class='gallery-icon landscape'>\n\t\t\t\t<a href='http:\/\/www.fontur.gob.ve\/?attachment_id=15238#main'><img loading=\"lazy\" decoding=\"async\" width=\"150\" height=\"150\" src=\"http:\/\/www.fontur.gob.ve\/wp-content\/uploads\/2025\/07\/photo_2025-07-07_12-35-23-150x150.jpg\" class=\"attachment-thumbnail size-thumbnail\" alt=\"\" \/><\/a>\n\t\t\t<\/dt><\/dl><dl class='gallery-item'>\n\t\t\t<dt class='gallery-icon landscape'>\n\t\t\t\t<a href='http:\/\/www.fontur.gob.ve\/?attachment_id=15239#main'><img loading=\"lazy\" decoding=\"async\" width=\"150\" height=\"150\" src=\"http:\/\/www.fontur.gob.ve\/wp-content\/uploads\/2025\/07\/photo_2025-07-07_13-35-58-150x150.jpg\" class=\"attachment-thumbnail size-thumbnail\" alt=\"\" \/><\/a>\n\t\t\t<\/dt><\/dl><dl class='gallery-item'>\n\t\t\t<dt class='gallery-icon landscape'>\n\t\t\t\t<a href='http:\/\/www.fontur.gob.ve\/?attachment_id=15240#main'><img loading=\"lazy\" decoding=\"async\" width=\"150\" height=\"150\" src=\"http:\/\/www.fontur.gob.ve\/wp-content\/uploads\/2025\/07\/photo_2025-07-07_13-47-03-150x150.jpg\" class=\"attachment-thumbnail size-thumbnail\" alt=\"\" \/><\/a>\n\t\t\t<\/dt><\/dl><dl class='gallery-item'>\n\t\t\t<dt class='gallery-icon landscape'>\n\t\t\t\t<a href='http:\/\/www.fontur.gob.ve\/?attachment_id=15241#main'><img loading=\"lazy\" decoding=\"async\" width=\"150\" height=\"150\" src=\"http:\/\/www.fontur.gob.ve\/wp-content\/uploads\/2025\/07\/photo_2025-07-07_14-08-29-150x150.jpg\" class=\"attachment-thumbnail size-thumbnail\" alt=\"\" \/><\/a>\n\t\t\t<\/dt><\/dl><br style=\"clear: both\" \/>\n\t\t<\/div>\n\n","protected":false},"excerpt":{"rendered":"<p>Con la finalidad de seguir garantizando la movilidad del pueblo, este lunes 07 de julio se despleg\u00f3 una Jornada de Atenci\u00f3n a los Transportistas \u201cFontur en la Calle\u201d en el <a class=\"more-link\" href=\"http:\/\/www.fontur.gob.ve\/?p=15228\">Leer M\u00e1s \u2192<\/a><\/p>\n","protected":false},"author":4,"featured_media":15246,"comment_status":"closed","ping_status":"closed","sticky":false,"template":"","format":"standard","meta":{"ngg_post_thumbnail":0,"footnotes":""},"categories":[5],"tags":[],"class_list":["post-15228","post","type-post","status-publish","format-standard","has-post-thumbnail","hentry","category-noticias"],"_links":{"self":[{"href":"http:\/\/www.fontur.gob.ve\/index.php?rest_route=\/wp\/v2\/posts\/15228","targetHints":{"allow":["GET"]}}],"collection":[{"href":"http:\/\/www.fontur.gob.ve\/index.php?rest_route=\/wp\/v2\/posts"}],"about":[{"href":"http:\/\/www.fontur.gob.ve\/index.php?rest_route=\/wp\/v2\/types\/post"}],"author":[{"embeddable":true,"href":"http:\/\/www.fontur.gob.ve\/index.php?rest_route=\/wp\/v2\/users\/4"}],"replies":[{"embeddable":true,"href":"http:\/\/www.fontur.gob.ve\/index.php?rest_route=%2Fwp%2Fv2%2Fcomments&post=15228"}],"version-history":[{"count":1,"href":"http:\/\/www.fontur.gob.ve\/index.php?rest_route=\/wp\/v2\/posts\/15228\/revisions"}],"predecessor-version":[{"id":15243,"href":"http:\/\/www.fontur.gob.ve\/index.php?rest_route=\/wp\/v2\/posts\/15228\/revisions\/15243"}],"wp:featuredmedia":[{"embeddable":true,"href":"http:\/\/www.fontur.gob.ve\/index.php?rest_route=\/wp\/v2\/media\/15246"}],"wp:attachment":[{"href":"http:\/\/www.fontur.gob.ve\/index.php?rest_route=%2Fwp%2Fv2%2Fmedia&parent=15228"}],"wp:term":[{"taxonomy":"category","embeddable":true,"href":"http:\/\/www.fontur.gob.ve\/index.php?rest_route=%2Fwp%2Fv2%2Fcategories&post=15228"},{"taxonomy":"post_tag","embeddable":true,"href":"http:\/\/www.fontur.gob.ve\/index.php?rest_route=%2Fwp%2Fv2%2Ftags&post=15228"}],"curies":[{"name":"wp","href":"https:\/\/api.w.org\/{rel}","templated":true}]}}