{"id":15213,"date":"2025-07-04T16:21:17","date_gmt":"2025-07-04T22:21:17","guid":{"rendered":"http:\/\/www.fontur.gob.ve\/?p=15213"},"modified":"2025-07-04T16:45:00","modified_gmt":"2025-07-04T22:45:00","slug":"el-movimiento-manuelita-saenz-de-fontur-dice-presente-en-apoyo-a-los-estados-andinos","status":"publish","type":"post","link":"http:\/\/www.fontur.gob.ve\/?p=15213","title":{"rendered":"El Movimiento Manuelita S\u00e1enz de FONTUR dice presente en apoyo a los estados andinos"},"content":{"rendered":"<p style=\"text-align: justify;\">Desde la Fundaci\u00f3n Fondo Nacional de Transporte Urbano (FONTUR), el Movimiento Manuelita S\u00e1enz envi\u00f3 su solidaridad al Ministerio del Poder Popular para el Transporte, sum\u00e1ndose a la campa\u00f1a de apoyo a nuestros hermanos de la regi\u00f3n andina afectados por las lluvias.<\/p>\n<p style=\"text-align: justify;\">Desde el pasado lunes, las Manuelitas de Fontur instalaron un Punto de Acopio en la planta baja de la instituci\u00f3n, en nuestra sede de Sabana Grande en Caracas, para la recolecci\u00f3n de alimentos no perecederos, medicamentos, art\u00edculos de higiene personal, abrigos y cobijas y otros insumos.<\/p>\n\n\t\t<style type=\"text\/css\">\n\t\t\t#gallery-1 {\n\t\t\t\tmargin: auto;\n\t\t\t}\n\t\t\t#gallery-1 .gallery-item {\n\t\t\t\tfloat: left;\n\t\t\t\tmargin-top: 10px;\n\t\t\t\ttext-align: center;\n\t\t\t\twidth: 33%;\n\t\t\t}\n\t\t\t#gallery-1 img {\n\t\t\t\tborder: 2px solid #cfcfcf;\n\t\t\t}\n\t\t\t#gallery-1 .gallery-caption {\n\t\t\t\tmargin-left: 0;\n\t\t\t}\n\t\t\t\/* see gallery_shortcode() in wp-includes\/media.php *\/\n\t\t<\/style>\n\t\t<div id='gallery-1' class='gallery galleryid-15213 gallery-columns-3 gallery-size-thumbnail'><dl class='gallery-item'>\n\t\t\t<dt class='gallery-icon portrait'>\n\t\t\t\t<a href='http:\/\/www.fontur.gob.ve\/?attachment_id=15217#main'><img loading=\"lazy\" decoding=\"async\" width=\"150\" height=\"150\" src=\"http:\/\/www.fontur.gob.ve\/wp-content\/uploads\/2025\/07\/Manuelitas-150x150.jpg\" class=\"attachment-thumbnail size-thumbnail\" alt=\"\" \/><\/a>\n\t\t\t<\/dt><\/dl><dl class='gallery-item'>\n\t\t\t<dt class='gallery-icon landscape'>\n\t\t\t\t<a href='http:\/\/www.fontur.gob.ve\/?attachment_id=15218#main'><img loading=\"lazy\" decoding=\"async\" width=\"150\" height=\"150\" src=\"http:\/\/www.fontur.gob.ve\/wp-content\/uploads\/2025\/07\/photo_2025-07-04_11-23-45-150x150.jpg\" class=\"attachment-thumbnail size-thumbnail\" alt=\"\" \/><\/a>\n\t\t\t<\/dt><\/dl><dl class='gallery-item'>\n\t\t\t<dt class='gallery-icon portrait'>\n\t\t\t\t<a href='http:\/\/www.fontur.gob.ve\/?attachment_id=15226#main'><img loading=\"lazy\" decoding=\"async\" width=\"150\" height=\"150\" src=\"http:\/\/www.fontur.gob.ve\/wp-content\/uploads\/2025\/07\/photo_2025-07-03_15-25-14-150x150.jpg\" class=\"attachment-thumbnail size-thumbnail\" alt=\"\" \/><\/a>\n\t\t\t<\/dt><\/dl><br style=\"clear: both\" \/>\n\t\t<\/div>\n\n<p>&nbsp;<\/p>\n","protected":false},"excerpt":{"rendered":"<p>Desde la Fundaci\u00f3n Fondo Nacional de Transporte Urbano (FONTUR), el Movimiento Manuelita S\u00e1enz envi\u00f3 su solidaridad al Ministerio del Poder Popular para el Transporte, sum\u00e1ndose a la campa\u00f1a de apoyo <a class=\"more-link\" href=\"http:\/\/www.fontur.gob.ve\/?p=15213\">Leer M\u00e1s \u2192<\/a><\/p>\n","protected":false},"author":4,"featured_media":15216,"comment_status":"closed","ping_status":"closed","sticky":false,"template":"","format":"standard","meta":{"ngg_post_thumbnail":0,"footnotes":""},"categories":[5],"tags":[],"class_list":["post-15213","post","type-post","status-publish","format-standard","has-post-thumbnail","hentry","category-noticias"],"_links":{"self":[{"href":"http:\/\/www.fontur.gob.ve\/index.php?rest_route=\/wp\/v2\/posts\/15213","targetHints":{"allow":["GET"]}}],"collection":[{"href":"http:\/\/www.fontur.gob.ve\/index.php?rest_route=\/wp\/v2\/posts"}],"about":[{"href":"http:\/\/www.fontur.gob.ve\/index.php?rest_route=\/wp\/v2\/types\/post"}],"author":[{"embeddable":true,"href":"http:\/\/www.fontur.gob.ve\/index.php?rest_route=\/wp\/v2\/users\/4"}],"replies":[{"embeddable":true,"href":"http:\/\/www.fontur.gob.ve\/index.php?rest_route=%2Fwp%2Fv2%2Fcomments&post=15213"}],"version-history":[{"count":4,"href":"http:\/\/www.fontur.gob.ve\/index.php?rest_route=\/wp\/v2\/posts\/15213\/revisions"}],"predecessor-version":[{"id":15227,"href":"http:\/\/www.fontur.gob.ve\/index.php?rest_route=\/wp\/v2\/posts\/15213\/revisions\/15227"}],"wp:featuredmedia":[{"embeddable":true,"href":"http:\/\/www.fontur.gob.ve\/index.php?rest_route=\/wp\/v2\/media\/15216"}],"wp:attachment":[{"href":"http:\/\/www.fontur.gob.ve\/index.php?rest_route=%2Fwp%2Fv2%2Fmedia&parent=15213"}],"wp:term":[{"taxonomy":"category","embeddable":true,"href":"http:\/\/www.fontur.gob.ve\/index.php?rest_route=%2Fwp%2Fv2%2Fcategories&post=15213"},{"taxonomy":"post_tag","embeddable":true,"href":"http:\/\/www.fontur.gob.ve\/index.php?rest_route=%2Fwp%2Fv2%2Ftags&post=15213"}],"curies":[{"name":"wp","href":"https:\/\/api.w.org\/{rel}","templated":true}]}}