{"id":15196,"date":"2025-07-04T16:02:46","date_gmt":"2025-07-04T22:02:46","guid":{"rendered":"http:\/\/www.fontur.gob.ve\/?p=15196"},"modified":"2025-07-04T16:15:55","modified_gmt":"2025-07-04T22:15:55","slug":"transportistas-de-artigas-reafirman-su-compromiso-con-el-pueblo-andino","status":"publish","type":"post","link":"http:\/\/www.fontur.gob.ve\/?p=15196","title":{"rendered":"Transportistas de Artigas reafirman su compromiso con el pueblo Andino"},"content":{"rendered":"<p style=\"text-align: justify;\">En un gesto contundente de solidaridad, todas las l\u00edneas de transporte que hacen vida desde la estaci\u00f3n de servicios Artigas, en Caracas, se han movilizado para apoyar a nuestros hermanos afectados por las intensas lluvias en los estados M\u00e9rida, Trujillo y T\u00e1chira.<\/p>\n<p style=\"text-align: justify;\">Como parte de la campa\u00f1a impulsada por el Gobierno Bolivariano para recaudar ayuda destinada a los estados andinos, los transportistas entregaron una generosa contribuci\u00f3n al Centro de Acopio de la Fundaci\u00f3n Fondo Nacional del Transporte Urbano (Fontur) en Caracas.<\/p>\n<p style=\"text-align: justify;\">El donativo entregado incluye ropa en buen estado, alimentos no perecederos, medicamentos, art\u00edculos de higiene personal y otros insumos indispensables, los cuales ser\u00e1n trasladados al estado M\u00e9rida y a las dem\u00e1s zonas que se encuentran en emergencia.<\/p>\n<p style=\"text-align: justify;\">Esta significativa iniciativa refuerza la vocaci\u00f3n solidaria del sector transporte, demostrando que la uni\u00f3n y el trabajo conjunto son esenciales para enfrentar adversidades como la provocada por las lluvias. Gracias a esta demostraci\u00f3n de compromiso, el transporte p\u00fablico se reafirma como un pilar social en momentos de crisis.<\/p>\n\n\t\t<style type=\"text\/css\">\n\t\t\t#gallery-1 {\n\t\t\t\tmargin: auto;\n\t\t\t}\n\t\t\t#gallery-1 .gallery-item {\n\t\t\t\tfloat: left;\n\t\t\t\tmargin-top: 10px;\n\t\t\t\ttext-align: center;\n\t\t\t\twidth: 25%;\n\t\t\t}\n\t\t\t#gallery-1 img {\n\t\t\t\tborder: 2px solid #cfcfcf;\n\t\t\t}\n\t\t\t#gallery-1 .gallery-caption {\n\t\t\t\tmargin-left: 0;\n\t\t\t}\n\t\t\t\/* see gallery_shortcode() in wp-includes\/media.php *\/\n\t\t<\/style>\n\t\t<div id='gallery-1' class='gallery galleryid-15196 gallery-columns-4 gallery-size-thumbnail'><dl class='gallery-item'>\n\t\t\t<dt class='gallery-icon portrait'>\n\t\t\t\t<a href='http:\/\/www.fontur.gob.ve\/?attachment_id=15204#main'><img loading=\"lazy\" decoding=\"async\" width=\"150\" height=\"150\" src=\"http:\/\/www.fontur.gob.ve\/wp-content\/uploads\/2025\/07\/Artigas-150x150.jpg\" class=\"attachment-thumbnail size-thumbnail\" alt=\"\" \/><\/a>\n\t\t\t<\/dt><\/dl><dl class='gallery-item'>\n\t\t\t<dt class='gallery-icon landscape'>\n\t\t\t\t<a href='http:\/\/www.fontur.gob.ve\/?attachment_id=15205#main'><img loading=\"lazy\" decoding=\"async\" width=\"150\" height=\"150\" src=\"http:\/\/www.fontur.gob.ve\/wp-content\/uploads\/2025\/07\/photo_2025-07-04_12-07-58-150x150.jpg\" class=\"attachment-thumbnail size-thumbnail\" alt=\"\" \/><\/a>\n\t\t\t<\/dt><\/dl><dl class='gallery-item'>\n\t\t\t<dt class='gallery-icon landscape'>\n\t\t\t\t<a href='http:\/\/www.fontur.gob.ve\/?attachment_id=15206#main'><img loading=\"lazy\" decoding=\"async\" width=\"150\" height=\"150\" src=\"http:\/\/www.fontur.gob.ve\/wp-content\/uploads\/2025\/07\/photo_2025-07-04_11-56-35-150x150.jpg\" class=\"attachment-thumbnail size-thumbnail\" alt=\"\" \/><\/a>\n\t\t\t<\/dt><\/dl><dl class='gallery-item'>\n\t\t\t<dt class='gallery-icon landscape'>\n\t\t\t\t<a href='http:\/\/www.fontur.gob.ve\/?attachment_id=15207#main'><img loading=\"lazy\" decoding=\"async\" width=\"150\" height=\"150\" src=\"http:\/\/www.fontur.gob.ve\/wp-content\/uploads\/2025\/07\/photo_2025-07-04_17-54-15-150x150.jpg\" class=\"attachment-thumbnail size-thumbnail\" alt=\"\" \/><\/a>\n\t\t\t<\/dt><\/dl><br style=\"clear: both\" \/>\n\t\t<\/div>\n\n","protected":false},"excerpt":{"rendered":"<p>En un gesto contundente de solidaridad, todas las l\u00edneas de transporte que hacen vida desde la estaci\u00f3n de servicios Artigas, en Caracas, se han movilizado para apoyar a nuestros hermanos <a class=\"more-link\" href=\"http:\/\/www.fontur.gob.ve\/?p=15196\">Leer M\u00e1s \u2192<\/a><\/p>\n","protected":false},"author":4,"featured_media":15212,"comment_status":"closed","ping_status":"closed","sticky":false,"template":"","format":"standard","meta":{"ngg_post_thumbnail":0,"footnotes":""},"categories":[5],"tags":[],"class_list":["post-15196","post","type-post","status-publish","format-standard","has-post-thumbnail","hentry","category-noticias"],"_links":{"self":[{"href":"http:\/\/www.fontur.gob.ve\/index.php?rest_route=\/wp\/v2\/posts\/15196","targetHints":{"allow":["GET"]}}],"collection":[{"href":"http:\/\/www.fontur.gob.ve\/index.php?rest_route=\/wp\/v2\/posts"}],"about":[{"href":"http:\/\/www.fontur.gob.ve\/index.php?rest_route=\/wp\/v2\/types\/post"}],"author":[{"embeddable":true,"href":"http:\/\/www.fontur.gob.ve\/index.php?rest_route=\/wp\/v2\/users\/4"}],"replies":[{"embeddable":true,"href":"http:\/\/www.fontur.gob.ve\/index.php?rest_route=%2Fwp%2Fv2%2Fcomments&post=15196"}],"version-history":[{"count":2,"href":"http:\/\/www.fontur.gob.ve\/index.php?rest_route=\/wp\/v2\/posts\/15196\/revisions"}],"predecessor-version":[{"id":15210,"href":"http:\/\/www.fontur.gob.ve\/index.php?rest_route=\/wp\/v2\/posts\/15196\/revisions\/15210"}],"wp:featuredmedia":[{"embeddable":true,"href":"http:\/\/www.fontur.gob.ve\/index.php?rest_route=\/wp\/v2\/media\/15212"}],"wp:attachment":[{"href":"http:\/\/www.fontur.gob.ve\/index.php?rest_route=%2Fwp%2Fv2%2Fmedia&parent=15196"}],"wp:term":[{"taxonomy":"category","embeddable":true,"href":"http:\/\/www.fontur.gob.ve\/index.php?rest_route=%2Fwp%2Fv2%2Fcategories&post=15196"},{"taxonomy":"post_tag","embeddable":true,"href":"http:\/\/www.fontur.gob.ve\/index.php?rest_route=%2Fwp%2Fv2%2Ftags&post=15196"}],"curies":[{"name":"wp","href":"https:\/\/api.w.org\/{rel}","templated":true}]}}