{"id":15195,"date":"2025-07-04T15:28:21","date_gmt":"2025-07-04T21:28:21","guid":{"rendered":"http:\/\/www.fontur.gob.ve\/?p=15195"},"modified":"2025-07-14T14:01:22","modified_gmt":"2025-07-14T20:01:22","slug":"fontur-en-la-calle-arranca-este-lunes-en-altos-mirandinos","status":"publish","type":"post","link":"http:\/\/www.fontur.gob.ve\/?p=15195","title":{"rendered":"Fontur en la Calle arranca este lunes en Altos Mirandinos"},"content":{"rendered":"<p style=\"text-align: justify;\">El Presidente Ejecutivo de Fontur, Guillermo Eloy Sulbar\u00e1n Castillo anunci\u00f3 en el programa radial transmitido en YVKE Mundial, \u201cFontur en la Calle\u201d <a class=\"anchor-hashtag\" href=\"tg:\/\/search_hashtag?hashtag=81\">#81<\/a>, que el pr\u00f3ximo lunes 07 de julio la jornada de \u201cFontur en la Calle\u201d llegar\u00e1 a los Altos Mirandinos. Sulbar\u00e1n asegur\u00f3 que los trabajadores de la instituci\u00f3n cumplen con su tarea de ayudar a las organizaciones del sector transporte en todo el territorio nacional en el registro de sus datos y huella en el sistema Patria para el subsidio del combustible y, ofreciendo una atenci\u00f3n gratuita.<\/p>\n<p style=\"text-align: justify;\">\u00abAcompa\u00f1amos a los conductores de unidades en registrarse en el sistema de Patria para que perciban el beneficio de la gasolina y los insumos. El equipo de Fontur se encarga de validar la informaci\u00f3n que nos entregan en las jornadas\u00bb, destac\u00f3 el Presidente de Fontur.<\/p>\n<p style=\"text-align: justify;\">Exhort\u00f3 a la poblaci\u00f3n a denunciar a las personas que pidan un pago por el servicio. \u00abSi ustedes observan que cobran, denuncien\u00bb, expres\u00f3.<\/p>\n<p style=\"text-align: justify;\">En cuanto a la campa\u00f1a para apoyar a los pueblo andinos afectados por las lluvias, Eloy Sulbar\u00e1n reiter\u00f3 que todas las sedes de Fontur se encuentran habilitadas para recibir art\u00edculos de primera necesidad y que este s\u00e1bado 5 julio saldr\u00e1n varios camiones para entregar los insumos en las regiones andinas.<\/p>\n<p style=\"text-align: justify;\"><strong>Desde las 5:30 am en la calle<\/strong><\/p>\n<p style=\"text-align: justify;\">La primera invitada del programa fue la Gerente de la Oficina de Atenci\u00f3n Ciudadana de Fontur, Yuseth Villanueva, quien expres\u00f3 que para instalar la jornada \u201cFontur en la Calle\u201d los servidores p\u00fablicos se encuentran en las estaciones de gasolina desde 5:30 am atendiendo a los socios de l\u00edneas de transporte. \u00abEs una labor hermosa. Vamos avanzando. Ayudando a nuestro Presidente de la Rep\u00fablica, Nicol\u00e1s Maduro\u00bb.<\/p>\n<p style=\"text-align: justify;\">Asimismo, destac\u00f3 que se han solucionado los casos del capta huella \u00abel operativo es din\u00e1mico, revisamos la documentaci\u00f3n como: la planilla DT9, t\u00edtulo de propiedad, c\u00e9dula y verificamos que el veh\u00edculo se encuentre operativo. Los avances deben de estar con el presidente de la organizaci\u00f3n. Con todos estos requisitos apruebo el registro en el sistema Patria y les llega un mensaje\u00bb.<\/p>\n<p style=\"text-align: justify;\">Igualmente, se\u00f1al\u00f3 que \u00abno aceptamos dinero ni pagos por nuestro trabajo, tampoco regalos. Solo aceptamos agua o un chocolate\u00bb.<\/p>\n<p style=\"text-align: justify;\"><strong>Reuniones con transportista en Miranda<\/strong><\/p>\n<p style=\"text-align: justify;\">El segundo invitado del programa, el Coordinador de Fontur del estado Miranda, Alirio Jos\u00e9 Monsalve coment\u00f3 que \u00bb hemos escuchado las propuestas e inquietudes de las l\u00edneas de Altos Mirandinos, Petare y otros lugares de la regi\u00f3n con respecto al tema del combustible. Estamos trabajando con ellos. Menos burocracia y m\u00e1s acompa\u00f1amiento\u00bb.<\/p>\n<p style=\"text-align: justify;\">Llegan las ayudas a Trujillo En contacto telef\u00f3nico, la Coordinadora de Fontur en el estado Trujillo, Yenny Hern\u00e1ndez, inform\u00f3 que transportistas de Bocon\u00f3 y del estado Portuguesa han prestado su apoyo en el traslado de los insumos a los afectados. \u00abAmanecimos con mucha lluvia y sin energ\u00eda el\u00e9ctrica pero el personal sigue laborando. El pasado lunes fuimos a entregar medicinas, alimentos y ropa a la poblaci\u00f3n de Niquitao y el mi\u00e9rcoles a Mesita. Las oficinas de las coordinaciones siguen siendo centro de apoyo\u00bb.<\/p>\n\n\t\t<style type=\"text\/css\">\n\t\t\t#gallery-1 {\n\t\t\t\tmargin: auto;\n\t\t\t}\n\t\t\t#gallery-1 .gallery-item {\n\t\t\t\tfloat: left;\n\t\t\t\tmargin-top: 10px;\n\t\t\t\ttext-align: center;\n\t\t\t\twidth: 20%;\n\t\t\t}\n\t\t\t#gallery-1 img {\n\t\t\t\tborder: 2px solid #cfcfcf;\n\t\t\t}\n\t\t\t#gallery-1 .gallery-caption {\n\t\t\t\tmargin-left: 0;\n\t\t\t}\n\t\t\t\/* see gallery_shortcode() in wp-includes\/media.php *\/\n\t\t<\/style>\n\t\t<div id='gallery-1' class='gallery galleryid-15195 gallery-columns-5 gallery-size-thumbnail'><dl class='gallery-item'>\n\t\t\t<dt class='gallery-icon portrait'>\n\t\t\t\t<a href='http:\/\/www.fontur.gob.ve\/?attachment_id=15198#main'><img loading=\"lazy\" decoding=\"async\" width=\"150\" height=\"150\" src=\"http:\/\/www.fontur.gob.ve\/wp-content\/uploads\/2025\/07\/photo_5134423881434640244_y-150x150.jpg\" class=\"attachment-thumbnail size-thumbnail\" alt=\"\" \/><\/a>\n\t\t\t<\/dt><\/dl><dl class='gallery-item'>\n\t\t\t<dt class='gallery-icon portrait'>\n\t\t\t\t<a href='http:\/\/www.fontur.gob.ve\/?attachment_id=15199#main'><img loading=\"lazy\" decoding=\"async\" width=\"150\" height=\"150\" src=\"http:\/\/www.fontur.gob.ve\/wp-content\/uploads\/2025\/07\/photo_5134423881434640246_y-150x150.jpg\" class=\"attachment-thumbnail size-thumbnail\" alt=\"\" \/><\/a>\n\t\t\t<\/dt><\/dl><dl class='gallery-item'>\n\t\t\t<dt class='gallery-icon landscape'>\n\t\t\t\t<a href='http:\/\/www.fontur.gob.ve\/?attachment_id=15200#main'><img loading=\"lazy\" decoding=\"async\" width=\"150\" height=\"150\" src=\"http:\/\/www.fontur.gob.ve\/wp-content\/uploads\/2025\/07\/photo_5134423881434640247_y-150x150.jpg\" class=\"attachment-thumbnail size-thumbnail\" alt=\"\" \/><\/a>\n\t\t\t<\/dt><\/dl><dl class='gallery-item'>\n\t\t\t<dt class='gallery-icon portrait'>\n\t\t\t\t<a href='http:\/\/www.fontur.gob.ve\/?attachment_id=15201#main'><img loading=\"lazy\" decoding=\"async\" width=\"150\" height=\"150\" src=\"http:\/\/www.fontur.gob.ve\/wp-content\/uploads\/2025\/07\/photo_5134423881434640248_y-150x150.jpg\" class=\"attachment-thumbnail size-thumbnail\" alt=\"\" \/><\/a>\n\t\t\t<\/dt><\/dl><dl class='gallery-item'>\n\t\t\t<dt class='gallery-icon landscape'>\n\t\t\t\t<a href='http:\/\/www.fontur.gob.ve\/?attachment_id=15202#main'><img loading=\"lazy\" decoding=\"async\" width=\"150\" height=\"150\" src=\"http:\/\/www.fontur.gob.ve\/wp-content\/uploads\/2025\/07\/photo_5134423881434640249_y-150x150.jpg\" class=\"attachment-thumbnail size-thumbnail\" alt=\"\" \/><\/a>\n\t\t\t<\/dt><\/dl><br style=\"clear: both\" \/>\n\t\t<\/div>\n\n","protected":false},"excerpt":{"rendered":"<p>El Presidente Ejecutivo de Fontur, Guillermo Eloy Sulbar\u00e1n Castillo anunci\u00f3 en el programa radial transmitido en YVKE Mundial, \u201cFontur en la Calle\u201d #81, que el pr\u00f3ximo lunes 07 de julio <a class=\"more-link\" href=\"http:\/\/www.fontur.gob.ve\/?p=15195\">Leer M\u00e1s \u2192<\/a><\/p>\n","protected":false},"author":4,"featured_media":15197,"comment_status":"closed","ping_status":"closed","sticky":false,"template":"","format":"standard","meta":{"ngg_post_thumbnail":0,"footnotes":""},"categories":[4],"tags":[],"class_list":["post-15195","post","type-post","status-publish","format-standard","has-post-thumbnail","hentry","category-destacados"],"_links":{"self":[{"href":"http:\/\/www.fontur.gob.ve\/index.php?rest_route=\/wp\/v2\/posts\/15195","targetHints":{"allow":["GET"]}}],"collection":[{"href":"http:\/\/www.fontur.gob.ve\/index.php?rest_route=\/wp\/v2\/posts"}],"about":[{"href":"http:\/\/www.fontur.gob.ve\/index.php?rest_route=\/wp\/v2\/types\/post"}],"author":[{"embeddable":true,"href":"http:\/\/www.fontur.gob.ve\/index.php?rest_route=\/wp\/v2\/users\/4"}],"replies":[{"embeddable":true,"href":"http:\/\/www.fontur.gob.ve\/index.php?rest_route=%2Fwp%2Fv2%2Fcomments&post=15195"}],"version-history":[{"count":4,"href":"http:\/\/www.fontur.gob.ve\/index.php?rest_route=\/wp\/v2\/posts\/15195\/revisions"}],"predecessor-version":[{"id":15324,"href":"http:\/\/www.fontur.gob.ve\/index.php?rest_route=\/wp\/v2\/posts\/15195\/revisions\/15324"}],"wp:featuredmedia":[{"embeddable":true,"href":"http:\/\/www.fontur.gob.ve\/index.php?rest_route=\/wp\/v2\/media\/15197"}],"wp:attachment":[{"href":"http:\/\/www.fontur.gob.ve\/index.php?rest_route=%2Fwp%2Fv2%2Fmedia&parent=15195"}],"wp:term":[{"taxonomy":"category","embeddable":true,"href":"http:\/\/www.fontur.gob.ve\/index.php?rest_route=%2Fwp%2Fv2%2Fcategories&post=15195"},{"taxonomy":"post_tag","embeddable":true,"href":"http:\/\/www.fontur.gob.ve\/index.php?rest_route=%2Fwp%2Fv2%2Ftags&post=15195"}],"curies":[{"name":"wp","href":"https:\/\/api.w.org\/{rel}","templated":true}]}}