{"id":15130,"date":"2025-06-27T16:06:47","date_gmt":"2025-06-27T22:06:47","guid":{"rendered":"http:\/\/www.fontur.gob.ve\/?p=15130"},"modified":"2025-06-27T16:06:47","modified_gmt":"2025-06-27T22:06:47","slug":"dos-ambulancias-rehabilitadas-se-incorporan-a-la-brigada-angeles-de-la-autopista-para-atender-emergencias-en-las-vias-de-caracas","status":"publish","type":"post","link":"http:\/\/www.fontur.gob.ve\/?p=15130","title":{"rendered":"Dos ambulancias rehabilitadas se incorporan a la brigada \u00c1ngeles de la Autopista para atender emergencias en las v\u00edas de Caracas"},"content":{"rendered":"<p style=\"text-align: justify;\"><span class=\"translatable-message\">El Presidente Ejecutivo de Fontur, Guillermo Eloy Sulbar\u00e1n Castillo, inform\u00f3 este viernes 27 de junio desde la sede de la Brigada de Restablecimiento Vial y Atenci\u00f3n de Emergencia, conocida como los \u00c1ngeles de la Autopista, en Altamira, que fueron rehabilitadas dos ambulancias para prestar el servicio de atenci\u00f3n m\u00e9dica en las v\u00edas expresas de Caracas.<\/span><\/p>\n<p style=\"text-align: justify;\"><span class=\"translatable-message\">\u201cDos unidades de emergencias se encuentran totalmente operativas para asistir a cualquier ciudadano que Dios no lo quiera haya sufrido un accidente y requiera de la ayuda para ser atendido por param\u00e9dicos que trasladar\u00e1n al afectado a un hospital cercano\u201d, asegur\u00f3 Sulbar\u00e1n Castillo. <\/span><\/p>\n<p style=\"text-align: justify;\"><span class=\"translatable-message\">Es importante resaltar que estas dos ambulancias fueron rehabilitadas gracias al apoyo del sector popular y los talleres privados, siguiendo lineamientos del Presidente Nicol\u00e1s Maduro \u201cestamos haciendo mucho con poco\u201d. Esta actividad se realiza a prop\u00f3sito de que el pasado 24 de junio fue el D\u00eda del Param\u00e9dico y del Socorrista.<\/span><\/p>\n<p style=\"text-align: justify;\"><span class=\"translatable-message\">El Presidente de Fontur anunci\u00f3 que la Brigada, compuesta por m\u00e1s de 150 funcionarios entre hombres y mujeres, realizar\u00e1n una gira nacional por las Coordinaciones Territoriales de la Fundaci\u00f3n para brindar jornadas de Prevenci\u00f3n y Educaci\u00f3n Vial , las cuales est\u00e1n comprendidas por primeros auxilios, seguridad vial, manejo defensivo, entre otros.<\/span><\/p>\n\n\t\t<style type=\"text\/css\">\n\t\t\t#gallery-1 {\n\t\t\t\tmargin: auto;\n\t\t\t}\n\t\t\t#gallery-1 .gallery-item {\n\t\t\t\tfloat: left;\n\t\t\t\tmargin-top: 10px;\n\t\t\t\ttext-align: center;\n\t\t\t\twidth: 20%;\n\t\t\t}\n\t\t\t#gallery-1 img {\n\t\t\t\tborder: 2px solid #cfcfcf;\n\t\t\t}\n\t\t\t#gallery-1 .gallery-caption {\n\t\t\t\tmargin-left: 0;\n\t\t\t}\n\t\t\t\/* see gallery_shortcode() in wp-includes\/media.php *\/\n\t\t<\/style>\n\t\t<div id='gallery-1' class='gallery galleryid-15130 gallery-columns-5 gallery-size-thumbnail'><dl class='gallery-item'>\n\t\t\t<dt class='gallery-icon landscape'>\n\t\t\t\t<a href='http:\/\/www.fontur.gob.ve\/?attachment_id=15131#main'><img loading=\"lazy\" decoding=\"async\" width=\"150\" height=\"150\" src=\"http:\/\/www.fontur.gob.ve\/wp-content\/uploads\/2025\/06\/photo_5114207659350929275_y-1-150x150.jpg\" class=\"attachment-thumbnail size-thumbnail\" alt=\"\" \/><\/a>\n\t\t\t<\/dt><\/dl><dl class='gallery-item'>\n\t\t\t<dt class='gallery-icon landscape'>\n\t\t\t\t<a href='http:\/\/www.fontur.gob.ve\/?attachment_id=15132#main'><img loading=\"lazy\" decoding=\"async\" width=\"150\" height=\"150\" src=\"http:\/\/www.fontur.gob.ve\/wp-content\/uploads\/2025\/06\/photo_5114207659350929274_y-1-150x150.jpg\" class=\"attachment-thumbnail size-thumbnail\" alt=\"\" \/><\/a>\n\t\t\t<\/dt><\/dl><dl class='gallery-item'>\n\t\t\t<dt class='gallery-icon portrait'>\n\t\t\t\t<a href='http:\/\/www.fontur.gob.ve\/?attachment_id=15133#main'><img loading=\"lazy\" decoding=\"async\" width=\"150\" height=\"150\" src=\"http:\/\/www.fontur.gob.ve\/wp-content\/uploads\/2025\/06\/photo_5114207659350929276_y-1-150x150.jpg\" class=\"attachment-thumbnail size-thumbnail\" alt=\"\" \/><\/a>\n\t\t\t<\/dt><\/dl><dl class='gallery-item'>\n\t\t\t<dt class='gallery-icon landscape'>\n\t\t\t\t<a href='http:\/\/www.fontur.gob.ve\/?attachment_id=15134#main'><img loading=\"lazy\" decoding=\"async\" width=\"150\" height=\"150\" src=\"http:\/\/www.fontur.gob.ve\/wp-content\/uploads\/2025\/06\/photo_5114207659350929277_y-1-150x150.jpg\" class=\"attachment-thumbnail size-thumbnail\" alt=\"\" \/><\/a>\n\t\t\t<\/dt><\/dl><dl class='gallery-item'>\n\t\t\t<dt class='gallery-icon portrait'>\n\t\t\t\t<a href='http:\/\/www.fontur.gob.ve\/?attachment_id=15135#main'><img loading=\"lazy\" decoding=\"async\" width=\"150\" height=\"150\" src=\"http:\/\/www.fontur.gob.ve\/wp-content\/uploads\/2025\/06\/photo_5114207659350929278_y-150x150.jpg\" class=\"attachment-thumbnail size-thumbnail\" alt=\"\" \/><\/a>\n\t\t\t<\/dt><\/dl><br style=\"clear: both\" \/>\n\t\t<\/div>\n\n","protected":false},"excerpt":{"rendered":"<p>El Presidente Ejecutivo de Fontur, Guillermo Eloy Sulbar\u00e1n Castillo, inform\u00f3 este viernes 27 de junio desde la sede de la Brigada de Restablecimiento Vial y Atenci\u00f3n de Emergencia, conocida como <a class=\"more-link\" href=\"http:\/\/www.fontur.gob.ve\/?p=15130\">Leer M\u00e1s \u2192<\/a><\/p>\n","protected":false},"author":4,"featured_media":15136,"comment_status":"closed","ping_status":"closed","sticky":false,"template":"","format":"standard","meta":{"ngg_post_thumbnail":0,"footnotes":""},"categories":[5],"tags":[],"class_list":["post-15130","post","type-post","status-publish","format-standard","has-post-thumbnail","hentry","category-noticias"],"_links":{"self":[{"href":"http:\/\/www.fontur.gob.ve\/index.php?rest_route=\/wp\/v2\/posts\/15130","targetHints":{"allow":["GET"]}}],"collection":[{"href":"http:\/\/www.fontur.gob.ve\/index.php?rest_route=\/wp\/v2\/posts"}],"about":[{"href":"http:\/\/www.fontur.gob.ve\/index.php?rest_route=\/wp\/v2\/types\/post"}],"author":[{"embeddable":true,"href":"http:\/\/www.fontur.gob.ve\/index.php?rest_route=\/wp\/v2\/users\/4"}],"replies":[{"embeddable":true,"href":"http:\/\/www.fontur.gob.ve\/index.php?rest_route=%2Fwp%2Fv2%2Fcomments&post=15130"}],"version-history":[{"count":1,"href":"http:\/\/www.fontur.gob.ve\/index.php?rest_route=\/wp\/v2\/posts\/15130\/revisions"}],"predecessor-version":[{"id":15137,"href":"http:\/\/www.fontur.gob.ve\/index.php?rest_route=\/wp\/v2\/posts\/15130\/revisions\/15137"}],"wp:featuredmedia":[{"embeddable":true,"href":"http:\/\/www.fontur.gob.ve\/index.php?rest_route=\/wp\/v2\/media\/15136"}],"wp:attachment":[{"href":"http:\/\/www.fontur.gob.ve\/index.php?rest_route=%2Fwp%2Fv2%2Fmedia&parent=15130"}],"wp:term":[{"taxonomy":"category","embeddable":true,"href":"http:\/\/www.fontur.gob.ve\/index.php?rest_route=%2Fwp%2Fv2%2Fcategories&post=15130"},{"taxonomy":"post_tag","embeddable":true,"href":"http:\/\/www.fontur.gob.ve\/index.php?rest_route=%2Fwp%2Fv2%2Ftags&post=15130"}],"curies":[{"name":"wp","href":"https:\/\/api.w.org\/{rel}","templated":true}]}}