{"id":14817,"date":"2025-04-03T08:59:32","date_gmt":"2025-04-03T14:59:32","guid":{"rendered":"http:\/\/www.fontur.gob.ve\/?p=14817"},"modified":"2025-04-03T09:01:09","modified_gmt":"2025-04-03T15:01:09","slug":"programa-de-radio-fontur-en-la-calle-no68","status":"publish","type":"post","link":"http:\/\/www.fontur.gob.ve\/?p=14817","title":{"rendered":"Programa de radio Fontur en la Calle n\u00ba68"},"content":{"rendered":"<p style=\"text-align: justify;\">Programa de Radio Fontur en la Calle recibe a representantes de FEDUTRANS, conducido por el Presidente de Fontur, Guillermo Eloy Sulbar\u00e1n Castillo, conocido como \u201cChiquit\u00edn\u201d, se reunieron Francisco D\u00edaz, asesor de FEDUTRANS, y Francisco Y\u00e1nez, representante de FEDUTRANS del estado Yaracuy, para abordar los avances y desaf\u00edos del sector transporte.<\/p>\n<p style=\"text-align: justify;\">Francisco Y\u00e1nez expres\u00f3 su satisfacci\u00f3n por participar en el espacio y destac\u00f3 el compromiso del gobierno del presidente Nicol\u00e1s Maduro con el transporte, respaldando los lineamientos de las 7 T. \u201cEs un orgullo contar con un colega como Eloy Sulbar\u00e1n al frente de Fontur, cuya gesti\u00f3n de dos a\u00f1os ha sido clave para avanzar hacia un sistema moderno y revolucionario\u201d, afirm\u00f3.<\/p>\n<p style=\"text-align: justify;\">Por su parte, Francisco D\u00edaz felicit\u00f3 a Sulbar\u00e1n por su desempe\u00f1o y resalt\u00f3 la importancia de coordinar esfuerzos entre UNETRANS, Fontur y FEDUTRANS. \u201cNuestro objetivo es crear un sistema de transporte organizado, tecnificado y beneficioso socioecon\u00f3micamente, alineado con el Plan de las 7 T 2025-2031\u201d, se\u00f1al\u00f3.<\/p>\n<p style=\"text-align: justify;\">Asimismo, Eloy Sulbar\u00e1n inform\u00f3 que se est\u00e1 reglamentando la Ley de los Trabajadores del Sector Motorizado, actualmente en revisi\u00f3n por la Consultor\u00eda Jur\u00eddica de la Asamblea Nacional. \u201cEstamos trabajando para que los transportistas conozcan sus derechos, beneficios y puedan contribuir a la construcci\u00f3n de esta ley junto al pueblo\u201d, concluy\u00f3.<\/p>\n\n\t\t<style type=\"text\/css\">\n\t\t\t#gallery-1 {\n\t\t\t\tmargin: auto;\n\t\t\t}\n\t\t\t#gallery-1 .gallery-item {\n\t\t\t\tfloat: left;\n\t\t\t\tmargin-top: 10px;\n\t\t\t\ttext-align: center;\n\t\t\t\twidth: 33%;\n\t\t\t}\n\t\t\t#gallery-1 img {\n\t\t\t\tborder: 2px solid #cfcfcf;\n\t\t\t}\n\t\t\t#gallery-1 .gallery-caption {\n\t\t\t\tmargin-left: 0;\n\t\t\t}\n\t\t\t\/* see gallery_shortcode() in wp-includes\/media.php *\/\n\t\t<\/style>\n\t\t<div id='gallery-1' class='gallery galleryid-14817 gallery-columns-3 gallery-size-medium'><dl class='gallery-item'>\n\t\t\t<dt class='gallery-icon landscape'>\n\t\t\t\t<a href='http:\/\/www.fontur.gob.ve\/wp-content\/uploads\/2025\/04\/WhatsApp-Image-2025-04-03-at-10.44.22-AM.jpeg'><img loading=\"lazy\" decoding=\"async\" width=\"300\" height=\"169\" src=\"http:\/\/www.fontur.gob.ve\/wp-content\/uploads\/2025\/04\/WhatsApp-Image-2025-04-03-at-10.44.22-AM-300x169.jpeg\" class=\"attachment-medium size-medium\" alt=\"\" srcset=\"http:\/\/www.fontur.gob.ve\/wp-content\/uploads\/2025\/04\/WhatsApp-Image-2025-04-03-at-10.44.22-AM-300x169.jpeg 300w, http:\/\/www.fontur.gob.ve\/wp-content\/uploads\/2025\/04\/WhatsApp-Image-2025-04-03-at-10.44.22-AM-1024x576.jpeg 1024w, http:\/\/www.fontur.gob.ve\/wp-content\/uploads\/2025\/04\/WhatsApp-Image-2025-04-03-at-10.44.22-AM-768x432.jpeg 768w, http:\/\/www.fontur.gob.ve\/wp-content\/uploads\/2025\/04\/WhatsApp-Image-2025-04-03-at-10.44.22-AM.jpeg 1080w\" sizes=\"auto, (max-width: 300px) 100vw, 300px\" \/><\/a>\n\t\t\t<\/dt><\/dl><dl class='gallery-item'>\n\t\t\t<dt class='gallery-icon portrait'>\n\t\t\t\t<a href='http:\/\/www.fontur.gob.ve\/wp-content\/uploads\/2025\/04\/WhatsApp-Image-2025-04-03-at-10.44.21-AM-1.jpeg'><img loading=\"lazy\" decoding=\"async\" width=\"169\" height=\"300\" src=\"http:\/\/www.fontur.gob.ve\/wp-content\/uploads\/2025\/04\/WhatsApp-Image-2025-04-03-at-10.44.21-AM-1-169x300.jpeg\" class=\"attachment-medium size-medium\" alt=\"\" srcset=\"http:\/\/www.fontur.gob.ve\/wp-content\/uploads\/2025\/04\/WhatsApp-Image-2025-04-03-at-10.44.21-AM-1-169x300.jpeg 169w, http:\/\/www.fontur.gob.ve\/wp-content\/uploads\/2025\/04\/WhatsApp-Image-2025-04-03-at-10.44.21-AM-1-576x1024.jpeg 576w, http:\/\/www.fontur.gob.ve\/wp-content\/uploads\/2025\/04\/WhatsApp-Image-2025-04-03-at-10.44.21-AM-1.jpeg 607w\" sizes=\"auto, (max-width: 169px) 100vw, 169px\" \/><\/a>\n\t\t\t<\/dt><\/dl><dl class='gallery-item'>\n\t\t\t<dt class='gallery-icon portrait'>\n\t\t\t\t<a href='http:\/\/www.fontur.gob.ve\/wp-content\/uploads\/2025\/04\/WhatsApp-Image-2025-04-03-at-10.44.21-AM-3.jpeg'><img loading=\"lazy\" decoding=\"async\" width=\"169\" height=\"300\" src=\"http:\/\/www.fontur.gob.ve\/wp-content\/uploads\/2025\/04\/WhatsApp-Image-2025-04-03-at-10.44.21-AM-3-169x300.jpeg\" class=\"attachment-medium size-medium\" alt=\"\" srcset=\"http:\/\/www.fontur.gob.ve\/wp-content\/uploads\/2025\/04\/WhatsApp-Image-2025-04-03-at-10.44.21-AM-3-169x300.jpeg 169w, http:\/\/www.fontur.gob.ve\/wp-content\/uploads\/2025\/04\/WhatsApp-Image-2025-04-03-at-10.44.21-AM-3-576x1024.jpeg 576w, http:\/\/www.fontur.gob.ve\/wp-content\/uploads\/2025\/04\/WhatsApp-Image-2025-04-03-at-10.44.21-AM-3.jpeg 607w\" sizes=\"auto, (max-width: 169px) 100vw, 169px\" \/><\/a>\n\t\t\t<\/dt><\/dl><br style=\"clear: both\" \/>\n\t\t<\/div>\n\n","protected":false},"excerpt":{"rendered":"<p>Programa de Radio Fontur en la Calle recibe a representantes de FEDUTRANS, conducido por el Presidente de Fontur, Guillermo Eloy Sulbar\u00e1n Castillo, conocido como \u201cChiquit\u00edn\u201d, se reunieron Francisco D\u00edaz, asesor <a class=\"more-link\" href=\"http:\/\/www.fontur.gob.ve\/?p=14817\">Leer M\u00e1s \u2192<\/a><\/p>\n","protected":false},"author":13,"featured_media":14821,"comment_status":"closed","ping_status":"closed","sticky":false,"template":"","format":"standard","meta":{"ngg_post_thumbnail":0,"footnotes":""},"categories":[4],"tags":[],"class_list":["post-14817","post","type-post","status-publish","format-standard","has-post-thumbnail","hentry","category-destacados"],"_links":{"self":[{"href":"http:\/\/www.fontur.gob.ve\/index.php?rest_route=\/wp\/v2\/posts\/14817","targetHints":{"allow":["GET"]}}],"collection":[{"href":"http:\/\/www.fontur.gob.ve\/index.php?rest_route=\/wp\/v2\/posts"}],"about":[{"href":"http:\/\/www.fontur.gob.ve\/index.php?rest_route=\/wp\/v2\/types\/post"}],"author":[{"embeddable":true,"href":"http:\/\/www.fontur.gob.ve\/index.php?rest_route=\/wp\/v2\/users\/13"}],"replies":[{"embeddable":true,"href":"http:\/\/www.fontur.gob.ve\/index.php?rest_route=%2Fwp%2Fv2%2Fcomments&post=14817"}],"version-history":[{"count":2,"href":"http:\/\/www.fontur.gob.ve\/index.php?rest_route=\/wp\/v2\/posts\/14817\/revisions"}],"predecessor-version":[{"id":14823,"href":"http:\/\/www.fontur.gob.ve\/index.php?rest_route=\/wp\/v2\/posts\/14817\/revisions\/14823"}],"wp:featuredmedia":[{"embeddable":true,"href":"http:\/\/www.fontur.gob.ve\/index.php?rest_route=\/wp\/v2\/media\/14821"}],"wp:attachment":[{"href":"http:\/\/www.fontur.gob.ve\/index.php?rest_route=%2Fwp%2Fv2%2Fmedia&parent=14817"}],"wp:term":[{"taxonomy":"category","embeddable":true,"href":"http:\/\/www.fontur.gob.ve\/index.php?rest_route=%2Fwp%2Fv2%2Fcategories&post=14817"},{"taxonomy":"post_tag","embeddable":true,"href":"http:\/\/www.fontur.gob.ve\/index.php?rest_route=%2Fwp%2Fv2%2Ftags&post=14817"}],"curies":[{"name":"wp","href":"https:\/\/api.w.org\/{rel}","templated":true}]}}