{"id":14800,"date":"2025-03-24T14:16:43","date_gmt":"2025-03-24T20:16:43","guid":{"rendered":"http:\/\/www.fontur.gob.ve\/?p=14800"},"modified":"2025-03-24T15:06:26","modified_gmt":"2025-03-24T21:06:26","slug":"fontur-en-la-calle-celebra-2do-aniversario","status":"publish","type":"post","link":"http:\/\/www.fontur.gob.ve\/?p=14800","title":{"rendered":"\u00abFontur en la Calle\u00bb celebra 2do aniversario\u00bb"},"content":{"rendered":"<p style=\"text-align: justify;\">Celebramos el 2do Aniversario de \u00abFontur en la Calle\u00bb desde la E\/S Las Maravillas en Caricuao y m\u00e1s de 20 jornadas simult\u00e1neas en el \u00e1mbito nacional, este lunes 24 de marzo.<\/p>\n<p style=\"text-align: justify;\">As\u00ed lo inform\u00f3 el Director de Despacho de Fontur,Allem C\u00e1rdenas, quien detall\u00f3 en qu\u00e9 consisti\u00f3 esta celebraci\u00f3n. \u00abCelebramos dos a\u00f1os de gesti\u00f3n de Fontur en la Calle, gracias a los lineamientos del Presidente Nicol\u00e1s Maduro, delMinistro de Transporte Ram\u00f3n Vel\u00e1squez Araguay\u00e1n y del Presidente de Fontur, Guillermo Eloy Sulbar\u00e1n Castillo\u00bb.<\/p>\n<p style=\"text-align: justify;\">Cardenas explic\u00f3 que \u00abFontur en laCalle\u00bb es una Jornada de Atenci\u00f3n Integral al Transportista que contempla la supervisi\u00f3n de las unidades de transporte, la atenci\u00f3n m\u00e9dica primaria, la asesor\u00eda en el sistema Patria, asesor\u00eda legal, as\u00ed como la venta de insumos y repuestos a trav\u00e9s de la Tienda del Transportista con planes de financiamiento de Fontur.<\/p>\n<p style=\"text-align: justify;\">Para enriquecer esta celebraci\u00f3n, contamos con la Unidad Multiprop\u00f3sito para Emergencias Viales de los \u00c1ngeles de la Autopista. Tambi\u00e9n nos acompa\u00f1\u00f3 la Oficina de Caricuao del Instituto Nacional de Transporte Terrestre y su agrupaci\u00f3n de tambores \u00abVoces y Cantos del INTT\u00bb que le dieron ritmo a la jornada.<\/p>\n<p style=\"text-align: justify;\">&nbsp;Fontur expresa su m\u00e1s sincero agradecimiento a todos nuestros hermanos y hermanas transportistas, a<br \/>\ntodos los Sindicatos y Gremios de transporte y dem\u00e1s instituciones del Estado que nos han apoyado durante este tiempo.<\/p>\n<p style=\"text-align: justify;\">Este segundo aniversario nos sirve para celebrar y<br \/>\nreflexionar sobre lo que hemos alcanzado, as\u00ed como tambi\u00e9n para mirar haciaadelante. Juntos seguiremos innovando y mejorando el transporte en Venezuela.<\/p>\n<p style=\"text-align: justify;\">\u00a1Sigamos construyendo un futuro brillante para<br \/>\nnuestra Patria!.<\/p>\n<p style=\"text-align: justify;\">\u00a1Venceremos!<\/p>\n\n\t\t<style type=\"text\/css\">\n\t\t\t#gallery-1 {\n\t\t\t\tmargin: auto;\n\t\t\t}\n\t\t\t#gallery-1 .gallery-item {\n\t\t\t\tfloat: left;\n\t\t\t\tmargin-top: 10px;\n\t\t\t\ttext-align: center;\n\t\t\t\twidth: 16%;\n\t\t\t}\n\t\t\t#gallery-1 img {\n\t\t\t\tborder: 2px solid #cfcfcf;\n\t\t\t}\n\t\t\t#gallery-1 .gallery-caption {\n\t\t\t\tmargin-left: 0;\n\t\t\t}\n\t\t\t\/* see gallery_shortcode() in wp-includes\/media.php *\/\n\t\t<\/style>\n\t\t<div id='gallery-1' class='gallery galleryid-14800 gallery-columns-6 gallery-size-medium'><dl class='gallery-item'>\n\t\t\t<dt class='gallery-icon landscape'>\n\t\t\t\t<a href='http:\/\/www.fontur.gob.ve\/wp-content\/uploads\/2025\/03\/WhatsApp-Image-2025-03-24-at-4.07.53-PM-2.jpeg'><img loading=\"lazy\" decoding=\"async\" width=\"300\" height=\"169\" src=\"http:\/\/www.fontur.gob.ve\/wp-content\/uploads\/2025\/03\/WhatsApp-Image-2025-03-24-at-4.07.53-PM-2-300x169.jpeg\" class=\"attachment-medium size-medium\" alt=\"\" srcset=\"http:\/\/www.fontur.gob.ve\/wp-content\/uploads\/2025\/03\/WhatsApp-Image-2025-03-24-at-4.07.53-PM-2-300x169.jpeg 300w, http:\/\/www.fontur.gob.ve\/wp-content\/uploads\/2025\/03\/WhatsApp-Image-2025-03-24-at-4.07.53-PM-2-1024x576.jpeg 1024w, http:\/\/www.fontur.gob.ve\/wp-content\/uploads\/2025\/03\/WhatsApp-Image-2025-03-24-at-4.07.53-PM-2-768x432.jpeg 768w, http:\/\/www.fontur.gob.ve\/wp-content\/uploads\/2025\/03\/WhatsApp-Image-2025-03-24-at-4.07.53-PM-2.jpeg 1080w\" sizes=\"auto, (max-width: 300px) 100vw, 300px\" \/><\/a>\n\t\t\t<\/dt><\/dl><dl class='gallery-item'>\n\t\t\t<dt class='gallery-icon landscape'>\n\t\t\t\t<a href='http:\/\/www.fontur.gob.ve\/wp-content\/uploads\/2025\/03\/WhatsApp-Image-2025-03-24-at-4.07.53-PM.jpeg'><img loading=\"lazy\" decoding=\"async\" width=\"300\" height=\"225\" src=\"http:\/\/www.fontur.gob.ve\/wp-content\/uploads\/2025\/03\/WhatsApp-Image-2025-03-24-at-4.07.53-PM-300x225.jpeg\" class=\"attachment-medium size-medium\" alt=\"\" srcset=\"http:\/\/www.fontur.gob.ve\/wp-content\/uploads\/2025\/03\/WhatsApp-Image-2025-03-24-at-4.07.53-PM-300x225.jpeg 300w, http:\/\/www.fontur.gob.ve\/wp-content\/uploads\/2025\/03\/WhatsApp-Image-2025-03-24-at-4.07.53-PM-1024x768.jpeg 1024w, http:\/\/www.fontur.gob.ve\/wp-content\/uploads\/2025\/03\/WhatsApp-Image-2025-03-24-at-4.07.53-PM-768x576.jpeg 768w, http:\/\/www.fontur.gob.ve\/wp-content\/uploads\/2025\/03\/WhatsApp-Image-2025-03-24-at-4.07.53-PM.jpeg 1080w\" sizes=\"auto, (max-width: 300px) 100vw, 300px\" \/><\/a>\n\t\t\t<\/dt><\/dl><dl class='gallery-item'>\n\t\t\t<dt class='gallery-icon landscape'>\n\t\t\t\t<a href='http:\/\/www.fontur.gob.ve\/wp-content\/uploads\/2025\/03\/WhatsApp-Image-2025-03-24-at-4.07.53-PM-1.jpeg'><img loading=\"lazy\" decoding=\"async\" width=\"300\" height=\"169\" src=\"http:\/\/www.fontur.gob.ve\/wp-content\/uploads\/2025\/03\/WhatsApp-Image-2025-03-24-at-4.07.53-PM-1-300x169.jpeg\" class=\"attachment-medium size-medium\" alt=\"\" srcset=\"http:\/\/www.fontur.gob.ve\/wp-content\/uploads\/2025\/03\/WhatsApp-Image-2025-03-24-at-4.07.53-PM-1-300x169.jpeg 300w, http:\/\/www.fontur.gob.ve\/wp-content\/uploads\/2025\/03\/WhatsApp-Image-2025-03-24-at-4.07.53-PM-1-1024x576.jpeg 1024w, http:\/\/www.fontur.gob.ve\/wp-content\/uploads\/2025\/03\/WhatsApp-Image-2025-03-24-at-4.07.53-PM-1-768x432.jpeg 768w, http:\/\/www.fontur.gob.ve\/wp-content\/uploads\/2025\/03\/WhatsApp-Image-2025-03-24-at-4.07.53-PM-1.jpeg 1080w\" sizes=\"auto, (max-width: 300px) 100vw, 300px\" \/><\/a>\n\t\t\t<\/dt><\/dl><dl class='gallery-item'>\n\t\t\t<dt class='gallery-icon portrait'>\n\t\t\t\t<a href='http:\/\/www.fontur.gob.ve\/wp-content\/uploads\/2025\/03\/WhatsApp-Image-2025-03-24-at-4.08.52-PM-1.jpeg'><img loading=\"lazy\" decoding=\"async\" width=\"291\" height=\"300\" src=\"http:\/\/www.fontur.gob.ve\/wp-content\/uploads\/2025\/03\/WhatsApp-Image-2025-03-24-at-4.08.52-PM-1-291x300.jpeg\" class=\"attachment-medium size-medium\" alt=\"\" srcset=\"http:\/\/www.fontur.gob.ve\/wp-content\/uploads\/2025\/03\/WhatsApp-Image-2025-03-24-at-4.08.52-PM-1-291x300.jpeg 291w, http:\/\/www.fontur.gob.ve\/wp-content\/uploads\/2025\/03\/WhatsApp-Image-2025-03-24-at-4.08.52-PM-1-993x1024.jpeg 993w, http:\/\/www.fontur.gob.ve\/wp-content\/uploads\/2025\/03\/WhatsApp-Image-2025-03-24-at-4.08.52-PM-1-768x792.jpeg 768w, http:\/\/www.fontur.gob.ve\/wp-content\/uploads\/2025\/03\/WhatsApp-Image-2025-03-24-at-4.08.52-PM-1.jpeg 1047w\" sizes=\"auto, (max-width: 291px) 100vw, 291px\" \/><\/a>\n\t\t\t<\/dt><\/dl><dl class='gallery-item'>\n\t\t\t<dt class='gallery-icon landscape'>\n\t\t\t\t<a href='http:\/\/www.fontur.gob.ve\/wp-content\/uploads\/2025\/03\/WhatsApp-Image-2025-03-24-at-4.08.52-PM.jpeg'><img loading=\"lazy\" decoding=\"async\" width=\"300\" height=\"169\" src=\"http:\/\/www.fontur.gob.ve\/wp-content\/uploads\/2025\/03\/WhatsApp-Image-2025-03-24-at-4.08.52-PM-300x169.jpeg\" class=\"attachment-medium size-medium\" alt=\"\" srcset=\"http:\/\/www.fontur.gob.ve\/wp-content\/uploads\/2025\/03\/WhatsApp-Image-2025-03-24-at-4.08.52-PM-300x169.jpeg 300w, http:\/\/www.fontur.gob.ve\/wp-content\/uploads\/2025\/03\/WhatsApp-Image-2025-03-24-at-4.08.52-PM-1024x576.jpeg 1024w, http:\/\/www.fontur.gob.ve\/wp-content\/uploads\/2025\/03\/WhatsApp-Image-2025-03-24-at-4.08.52-PM-768x432.jpeg 768w, http:\/\/www.fontur.gob.ve\/wp-content\/uploads\/2025\/03\/WhatsApp-Image-2025-03-24-at-4.08.52-PM.jpeg 1080w\" sizes=\"auto, (max-width: 300px) 100vw, 300px\" \/><\/a>\n\t\t\t<\/dt><\/dl><dl class='gallery-item'>\n\t\t\t<dt class='gallery-icon landscape'>\n\t\t\t\t<a href='http:\/\/www.fontur.gob.ve\/wp-content\/uploads\/2025\/03\/WhatsApp-Image-2025-03-24-at-4.07.53-PM-3.jpeg'><img loading=\"lazy\" decoding=\"async\" width=\"300\" height=\"287\" src=\"http:\/\/www.fontur.gob.ve\/wp-content\/uploads\/2025\/03\/WhatsApp-Image-2025-03-24-at-4.07.53-PM-3-300x287.jpeg\" class=\"attachment-medium size-medium\" alt=\"\" srcset=\"http:\/\/www.fontur.gob.ve\/wp-content\/uploads\/2025\/03\/WhatsApp-Image-2025-03-24-at-4.07.53-PM-3-300x287.jpeg 300w, http:\/\/www.fontur.gob.ve\/wp-content\/uploads\/2025\/03\/WhatsApp-Image-2025-03-24-at-4.07.53-PM-3-768x734.jpeg 768w, http:\/\/www.fontur.gob.ve\/wp-content\/uploads\/2025\/03\/WhatsApp-Image-2025-03-24-at-4.07.53-PM-3.jpeg 958w\" sizes=\"auto, (max-width: 300px) 100vw, 300px\" \/><\/a>\n\t\t\t<\/dt><\/dl><br style=\"clear: both\" \/>\n\t\t<\/div>\n\n","protected":false},"excerpt":{"rendered":"<p>Celebramos el 2do Aniversario de \u00abFontur en la Calle\u00bb desde la E\/S Las Maravillas en Caricuao y m\u00e1s de 20 jornadas simult\u00e1neas en el \u00e1mbito nacional, este lunes 24 de <a class=\"more-link\" href=\"http:\/\/www.fontur.gob.ve\/?p=14800\">Leer M\u00e1s \u2192<\/a><\/p>\n","protected":false},"author":13,"featured_media":14807,"comment_status":"closed","ping_status":"closed","sticky":false,"template":"","format":"standard","meta":{"ngg_post_thumbnail":0,"footnotes":""},"categories":[4],"tags":[],"class_list":["post-14800","post","type-post","status-publish","format-standard","has-post-thumbnail","hentry","category-destacados"],"_links":{"self":[{"href":"http:\/\/www.fontur.gob.ve\/index.php?rest_route=\/wp\/v2\/posts\/14800","targetHints":{"allow":["GET"]}}],"collection":[{"href":"http:\/\/www.fontur.gob.ve\/index.php?rest_route=\/wp\/v2\/posts"}],"about":[{"href":"http:\/\/www.fontur.gob.ve\/index.php?rest_route=\/wp\/v2\/types\/post"}],"author":[{"embeddable":true,"href":"http:\/\/www.fontur.gob.ve\/index.php?rest_route=\/wp\/v2\/users\/13"}],"replies":[{"embeddable":true,"href":"http:\/\/www.fontur.gob.ve\/index.php?rest_route=%2Fwp%2Fv2%2Fcomments&post=14800"}],"version-history":[{"count":3,"href":"http:\/\/www.fontur.gob.ve\/index.php?rest_route=\/wp\/v2\/posts\/14800\/revisions"}],"predecessor-version":[{"id":14810,"href":"http:\/\/www.fontur.gob.ve\/index.php?rest_route=\/wp\/v2\/posts\/14800\/revisions\/14810"}],"wp:featuredmedia":[{"embeddable":true,"href":"http:\/\/www.fontur.gob.ve\/index.php?rest_route=\/wp\/v2\/media\/14807"}],"wp:attachment":[{"href":"http:\/\/www.fontur.gob.ve\/index.php?rest_route=%2Fwp%2Fv2%2Fmedia&parent=14800"}],"wp:term":[{"taxonomy":"category","embeddable":true,"href":"http:\/\/www.fontur.gob.ve\/index.php?rest_route=%2Fwp%2Fv2%2Fcategories&post=14800"},{"taxonomy":"post_tag","embeddable":true,"href":"http:\/\/www.fontur.gob.ve\/index.php?rest_route=%2Fwp%2Fv2%2Ftags&post=14800"}],"curies":[{"name":"wp","href":"https:\/\/api.w.org\/{rel}","templated":true}]}}