{"id":14794,"date":"2025-03-24T13:38:01","date_gmt":"2025-03-24T19:38:01","guid":{"rendered":"http:\/\/www.fontur.gob.ve\/?p=14794"},"modified":"2025-03-24T13:38:01","modified_gmt":"2025-03-24T19:38:01","slug":"celebrando-el-2do-aniversario-de-fontur-en-la-calle","status":"publish","type":"post","link":"http:\/\/www.fontur.gob.ve\/?p=14794","title":{"rendered":"Celebrando el 2do aniversario de Fontur en la Calle"},"content":{"rendered":"<p style=\"text-align: justify;\"><img loading=\"lazy\" decoding=\"async\" class=\"size-medium wp-image-14797 alignleft\" src=\"http:\/\/www.fontur.gob.ve\/wp-content\/uploads\/2025\/03\/WhatsApp-Image-2025-03-24-at-3.03.48-PM-169x300.jpeg\" alt=\"\" width=\"169\" height=\"300\" srcset=\"http:\/\/www.fontur.gob.ve\/wp-content\/uploads\/2025\/03\/WhatsApp-Image-2025-03-24-at-3.03.48-PM-169x300.jpeg 169w, http:\/\/www.fontur.gob.ve\/wp-content\/uploads\/2025\/03\/WhatsApp-Image-2025-03-24-at-3.03.48-PM-576x1024.jpeg 576w, http:\/\/www.fontur.gob.ve\/wp-content\/uploads\/2025\/03\/WhatsApp-Image-2025-03-24-at-3.03.48-PM.jpeg 607w\" sizes=\"auto, (max-width: 169px) 100vw, 169px\" \/>Como todos los viernes, este 21 de marzo, el programa radial \u201cFontur en la Calle\u201d conducido por el Presidente de Fontur, Guillermo Eloy Sulbar\u00e1n Castillo, llega a su edici\u00f3n n\u00famero 67, transmitido por YVKE Mundial.<\/p>\n<p style=\"text-align: justify;\">En esta oportunidad, el programa tuvo como invitado a Jos\u00e9 Rodr\u00edguez, coordinador de la Tienda del Transportista del estado M\u00e9rida, quien vino a Caracas a prop\u00f3sito de la reuni\u00f3n que sostuvo el Presidente de Fontur con todos los Coordinadores de las Tiendas del Transportistas en el \u00e1mbito nacional este jueves, donde evaluaron cu\u00e1les son los insumos y repuestos prioritarios que necesitan los transportistas en cada regi\u00f3n.<\/p>\n<p style=\"text-align: justify;\">El Presidente de Fontur explic\u00f3 que en esta reuni\u00f3n tambi\u00e9n se evalu\u00f3 la planificaci\u00f3n de jornadas integrales para llegarle a los transportistas que por temas geogr\u00e1ficos no est\u00e1n siendo atendidos en las tiendas establecidas. \u201cEsa es la orden que nos dio el Presidente Nicol\u00e1s Maduro: M\u00e1xima atenci\u00f3n al sector transporte\u201d, expres\u00f3 Sulbar\u00e1n.<\/p>\n<p style=\"text-align: justify;\">Sulbar\u00e1n Castillo inform\u00f3 que el pr\u00f3ximo lunes 24 de marzo se celebra el segundo aniversario de las jornadas de atenci\u00f3n al transportista \u201cFontur en la Calle\u201d, con la organizaci\u00f3n de operativos en diversos estados del pa\u00eds.<\/p>\n<p style=\"text-align: justify;\">Por su parte Jos\u00e9 Rodr\u00edguez explic\u00f3 que a lo largo de 14 a\u00f1os como servidor p\u00fablico en Fontur ha aprendido a tratar con el sector transporte. \u201cLa atenci\u00f3n al transportista es compleja, hay que tener tacto\u201d.<\/p>\n<p style=\"text-align: justify;\">Rodr\u00edguez se\u00f1al\u00f3 que a los transportistas se les acompa\u00f1a con la actualizaci\u00f3n del sistema Patria para tener acceso al suministro de la gasolina y a trav\u00e9s de las supervisiones de campo se conoce cu\u00e1les son las necesidades en materia de insumos y repuestos \u201cse les da una atenci\u00f3n integral\u201d.<br \/>\nInform\u00f3 que la Tienda del Transportista de M\u00e9rida est\u00e1 ubicada en el Eje Metropolitano, desde donde atiende a conductores de varios municipios, y v\u00eda online establece el contacto con los directivos de las l\u00edneas de transporte de los sectores que est\u00e1n m\u00e1s alejados f\u00edsicamente de la tienda.<\/p>\n\n\t\t<style type=\"text\/css\">\n\t\t\t#gallery-1 {\n\t\t\t\tmargin: auto;\n\t\t\t}\n\t\t\t#gallery-1 .gallery-item {\n\t\t\t\tfloat: left;\n\t\t\t\tmargin-top: 10px;\n\t\t\t\ttext-align: center;\n\t\t\t\twidth: 50%;\n\t\t\t}\n\t\t\t#gallery-1 img {\n\t\t\t\tborder: 2px solid #cfcfcf;\n\t\t\t}\n\t\t\t#gallery-1 .gallery-caption {\n\t\t\t\tmargin-left: 0;\n\t\t\t}\n\t\t\t\/* see gallery_shortcode() in wp-includes\/media.php *\/\n\t\t<\/style>\n\t\t<div id='gallery-1' class='gallery galleryid-14794 gallery-columns-2 gallery-size-thumbnail'><dl class='gallery-item'>\n\t\t\t<dt class='gallery-icon landscape'>\n\t\t\t\t<a href='http:\/\/www.fontur.gob.ve\/wp-content\/uploads\/2025\/03\/WhatsApp-Image-2025-03-24-at-3.03.48-PM-2.jpeg'><img loading=\"lazy\" decoding=\"async\" width=\"150\" height=\"150\" src=\"http:\/\/www.fontur.gob.ve\/wp-content\/uploads\/2025\/03\/WhatsApp-Image-2025-03-24-at-3.03.48-PM-2-150x150.jpeg\" class=\"attachment-thumbnail size-thumbnail\" alt=\"\" \/><\/a>\n\t\t\t<\/dt><\/dl><dl class='gallery-item'>\n\t\t\t<dt class='gallery-icon landscape'>\n\t\t\t\t<a href='http:\/\/www.fontur.gob.ve\/wp-content\/uploads\/2025\/03\/WhatsApp-Image-2025-03-24-at-3.03.48-PM-1.jpeg'><img loading=\"lazy\" decoding=\"async\" width=\"150\" height=\"150\" src=\"http:\/\/www.fontur.gob.ve\/wp-content\/uploads\/2025\/03\/WhatsApp-Image-2025-03-24-at-3.03.48-PM-1-150x150.jpeg\" class=\"attachment-thumbnail size-thumbnail\" alt=\"\" \/><\/a>\n\t\t\t<\/dt><\/dl><br style=\"clear: both\" \/>\n\t\t<\/div>\n\n","protected":false},"excerpt":{"rendered":"<p>Como todos los viernes, este 21 de marzo, el programa radial \u201cFontur en la Calle\u201d conducido por el Presidente de Fontur, Guillermo Eloy Sulbar\u00e1n Castillo, llega a su edici\u00f3n n\u00famero <a class=\"more-link\" href=\"http:\/\/www.fontur.gob.ve\/?p=14794\">Leer M\u00e1s \u2192<\/a><\/p>\n","protected":false},"author":13,"featured_media":14798,"comment_status":"closed","ping_status":"closed","sticky":false,"template":"","format":"standard","meta":{"ngg_post_thumbnail":0,"footnotes":""},"categories":[4],"tags":[],"class_list":["post-14794","post","type-post","status-publish","format-standard","has-post-thumbnail","hentry","category-destacados"],"_links":{"self":[{"href":"http:\/\/www.fontur.gob.ve\/index.php?rest_route=\/wp\/v2\/posts\/14794","targetHints":{"allow":["GET"]}}],"collection":[{"href":"http:\/\/www.fontur.gob.ve\/index.php?rest_route=\/wp\/v2\/posts"}],"about":[{"href":"http:\/\/www.fontur.gob.ve\/index.php?rest_route=\/wp\/v2\/types\/post"}],"author":[{"embeddable":true,"href":"http:\/\/www.fontur.gob.ve\/index.php?rest_route=\/wp\/v2\/users\/13"}],"replies":[{"embeddable":true,"href":"http:\/\/www.fontur.gob.ve\/index.php?rest_route=%2Fwp%2Fv2%2Fcomments&post=14794"}],"version-history":[{"count":1,"href":"http:\/\/www.fontur.gob.ve\/index.php?rest_route=\/wp\/v2\/posts\/14794\/revisions"}],"predecessor-version":[{"id":14799,"href":"http:\/\/www.fontur.gob.ve\/index.php?rest_route=\/wp\/v2\/posts\/14794\/revisions\/14799"}],"wp:featuredmedia":[{"embeddable":true,"href":"http:\/\/www.fontur.gob.ve\/index.php?rest_route=\/wp\/v2\/media\/14798"}],"wp:attachment":[{"href":"http:\/\/www.fontur.gob.ve\/index.php?rest_route=%2Fwp%2Fv2%2Fmedia&parent=14794"}],"wp:term":[{"taxonomy":"category","embeddable":true,"href":"http:\/\/www.fontur.gob.ve\/index.php?rest_route=%2Fwp%2Fv2%2Fcategories&post=14794"},{"taxonomy":"post_tag","embeddable":true,"href":"http:\/\/www.fontur.gob.ve\/index.php?rest_route=%2Fwp%2Fv2%2Ftags&post=14794"}],"curies":[{"name":"wp","href":"https:\/\/api.w.org\/{rel}","templated":true}]}}