{"id":14550,"date":"2025-01-24T12:04:47","date_gmt":"2025-01-24T18:04:47","guid":{"rendered":"http:\/\/www.fontur.gob.ve\/?p=14550"},"modified":"2025-01-24T12:07:02","modified_gmt":"2025-01-24T18:07:02","slug":"fontur-en-la-calle-arranca-con-energia-y-defendiendo-la-paz-de-venezuela","status":"publish","type":"post","link":"http:\/\/www.fontur.gob.ve\/?p=14550","title":{"rendered":"Fontur en la Calle arranca con energ\u00eda y defendiendo la paz de Venezuela"},"content":{"rendered":"<p style=\"text-align: justify;\">Este viernes 24 de enero, arrancamos con el primer programa radial del 2025: \u201cFontur en la Calle\u201d n\u00famero 61, conducido por el Presidente Ejecutivo de Fontur, Guillermo Eloy Sulbar\u00e1n Castillo \u00abChiquit\u00edn\u00bb.<\/p>\n<p style=\"text-align: justify;\">El primer entrevistado del a\u00f1o fue el transportista F\u00e9lix Maramara, tambi\u00e9n conocido como @choferlocura en las redes sociales, quien comenz\u00f3 diciendo \u201cNuestro trabajo no es f\u00e1cil, madrugar a las 4 de la ma\u00f1ana y llegar a la casa a las 10 de la noche. Nos confrontamos con muchas dificultades. Mi contenido refleja lo que se vive en el d\u00eda a d\u00eda en el transporte p\u00fablico\u201d.<\/p>\n<p style=\"text-align: justify;\">\u201cChofer Locura\u201d asegur\u00f3 que \u00e9l representa a su gremio de transporte \u201ctodos en mi familia hemos sido transportistas\u201d y lo hace a trav\u00e9s de la comedia.<\/p>\n<p style=\"text-align: justify;\">Ante lo cual, el Presidente de Fontur coment\u00f3 \u201cel mismo trabajo que t\u00fa haces a trav\u00e9s de las redes, nosotros lo hacemos aqu\u00ed en la radio\u201d. El programa Fontur en la calle \u201cnaci\u00f3 para visibilizar a los transportistas y humanizar a este gremio de gente trabajadora y emprendedora\u201d, resalt\u00f3.<\/p>\n\n\t\t<style type=\"text\/css\">\n\t\t\t#gallery-1 {\n\t\t\t\tmargin: auto;\n\t\t\t}\n\t\t\t#gallery-1 .gallery-item {\n\t\t\t\tfloat: left;\n\t\t\t\tmargin-top: 10px;\n\t\t\t\ttext-align: center;\n\t\t\t\twidth: 14%;\n\t\t\t}\n\t\t\t#gallery-1 img {\n\t\t\t\tborder: 2px solid #cfcfcf;\n\t\t\t}\n\t\t\t#gallery-1 .gallery-caption {\n\t\t\t\tmargin-left: 0;\n\t\t\t}\n\t\t\t\/* see gallery_shortcode() in wp-includes\/media.php *\/\n\t\t<\/style>\n\t\t<div id='gallery-1' class='gallery galleryid-14550 gallery-columns-7 gallery-size-thumbnail'><dl class='gallery-item'>\n\t\t\t<dt class='gallery-icon landscape'>\n\t\t\t\t<a href='http:\/\/www.fontur.gob.ve\/?attachment_id=14553#main'><img loading=\"lazy\" decoding=\"async\" width=\"150\" height=\"150\" src=\"http:\/\/www.fontur.gob.ve\/wp-content\/uploads\/2025\/01\/photo_2025-01-24_17-03-03-150x150.jpg\" class=\"attachment-thumbnail size-thumbnail\" alt=\"\" \/><\/a>\n\t\t\t<\/dt><\/dl><dl class='gallery-item'>\n\t\t\t<dt class='gallery-icon portrait'>\n\t\t\t\t<a href='http:\/\/www.fontur.gob.ve\/?attachment_id=14554#main'><img loading=\"lazy\" decoding=\"async\" width=\"150\" height=\"150\" src=\"http:\/\/www.fontur.gob.ve\/wp-content\/uploads\/2025\/01\/photo_2025-01-24_17-26-17-150x150.jpg\" class=\"attachment-thumbnail size-thumbnail\" alt=\"\" \/><\/a>\n\t\t\t<\/dt><\/dl><dl class='gallery-item'>\n\t\t\t<dt class='gallery-icon landscape'>\n\t\t\t\t<a href='http:\/\/www.fontur.gob.ve\/?attachment_id=14555#main'><img loading=\"lazy\" decoding=\"async\" width=\"150\" height=\"150\" src=\"http:\/\/www.fontur.gob.ve\/wp-content\/uploads\/2025\/01\/photo_2025-01-24_17-26-45-150x150.jpg\" class=\"attachment-thumbnail size-thumbnail\" alt=\"\" \/><\/a>\n\t\t\t<\/dt><\/dl><dl class='gallery-item'>\n\t\t\t<dt class='gallery-icon portrait'>\n\t\t\t\t<a href='http:\/\/www.fontur.gob.ve\/?attachment_id=14556#main'><img loading=\"lazy\" decoding=\"async\" width=\"150\" height=\"150\" src=\"http:\/\/www.fontur.gob.ve\/wp-content\/uploads\/2025\/01\/photo_2025-01-24_17-32-41-150x150.jpg\" class=\"attachment-thumbnail size-thumbnail\" alt=\"\" \/><\/a>\n\t\t\t<\/dt><\/dl><dl class='gallery-item'>\n\t\t\t<dt class='gallery-icon landscape'>\n\t\t\t\t<a href='http:\/\/www.fontur.gob.ve\/?attachment_id=14557#main'><img loading=\"lazy\" decoding=\"async\" width=\"150\" height=\"150\" src=\"http:\/\/www.fontur.gob.ve\/wp-content\/uploads\/2025\/01\/photo_2025-01-24_17-40-47-150x150.jpg\" class=\"attachment-thumbnail size-thumbnail\" alt=\"\" \/><\/a>\n\t\t\t<\/dt><\/dl><dl class='gallery-item'>\n\t\t\t<dt class='gallery-icon landscape'>\n\t\t\t\t<a href='http:\/\/www.fontur.gob.ve\/?attachment_id=14558#main'><img loading=\"lazy\" decoding=\"async\" width=\"150\" height=\"150\" src=\"http:\/\/www.fontur.gob.ve\/wp-content\/uploads\/2025\/01\/photo_2025-01-24_17-48-45-6-150x150.jpg\" class=\"attachment-thumbnail size-thumbnail\" alt=\"\" \/><\/a>\n\t\t\t<\/dt><\/dl><dl class='gallery-item'>\n\t\t\t<dt class='gallery-icon portrait'>\n\t\t\t\t<a href='http:\/\/www.fontur.gob.ve\/?attachment_id=14559#main'><img loading=\"lazy\" decoding=\"async\" width=\"150\" height=\"150\" src=\"http:\/\/www.fontur.gob.ve\/wp-content\/uploads\/2025\/01\/photo_2025-01-24_17-56-21-150x150.jpg\" class=\"attachment-thumbnail size-thumbnail\" alt=\"\" \/><\/a>\n\t\t\t<\/dt><\/dl><br style=\"clear: both\" \/>\n\t\t<\/div>\n\n","protected":false},"excerpt":{"rendered":"<p>Este viernes 24 de enero, arrancamos con el primer programa radial del 2025: \u201cFontur en la Calle\u201d n\u00famero 61, conducido por el Presidente Ejecutivo de Fontur, Guillermo Eloy Sulbar\u00e1n Castillo <a class=\"more-link\" href=\"http:\/\/www.fontur.gob.ve\/?p=14550\">Leer M\u00e1s \u2192<\/a><\/p>\n","protected":false},"author":4,"featured_media":14551,"comment_status":"closed","ping_status":"closed","sticky":false,"template":"","format":"standard","meta":{"ngg_post_thumbnail":0,"footnotes":""},"categories":[4],"tags":[],"class_list":["post-14550","post","type-post","status-publish","format-standard","has-post-thumbnail","hentry","category-destacados"],"_links":{"self":[{"href":"http:\/\/www.fontur.gob.ve\/index.php?rest_route=\/wp\/v2\/posts\/14550","targetHints":{"allow":["GET"]}}],"collection":[{"href":"http:\/\/www.fontur.gob.ve\/index.php?rest_route=\/wp\/v2\/posts"}],"about":[{"href":"http:\/\/www.fontur.gob.ve\/index.php?rest_route=\/wp\/v2\/types\/post"}],"author":[{"embeddable":true,"href":"http:\/\/www.fontur.gob.ve\/index.php?rest_route=\/wp\/v2\/users\/4"}],"replies":[{"embeddable":true,"href":"http:\/\/www.fontur.gob.ve\/index.php?rest_route=%2Fwp%2Fv2%2Fcomments&post=14550"}],"version-history":[{"count":3,"href":"http:\/\/www.fontur.gob.ve\/index.php?rest_route=\/wp\/v2\/posts\/14550\/revisions"}],"predecessor-version":[{"id":14561,"href":"http:\/\/www.fontur.gob.ve\/index.php?rest_route=\/wp\/v2\/posts\/14550\/revisions\/14561"}],"wp:featuredmedia":[{"embeddable":true,"href":"http:\/\/www.fontur.gob.ve\/index.php?rest_route=\/wp\/v2\/media\/14551"}],"wp:attachment":[{"href":"http:\/\/www.fontur.gob.ve\/index.php?rest_route=%2Fwp%2Fv2%2Fmedia&parent=14550"}],"wp:term":[{"taxonomy":"category","embeddable":true,"href":"http:\/\/www.fontur.gob.ve\/index.php?rest_route=%2Fwp%2Fv2%2Fcategories&post=14550"},{"taxonomy":"post_tag","embeddable":true,"href":"http:\/\/www.fontur.gob.ve\/index.php?rest_route=%2Fwp%2Fv2%2Ftags&post=14550"}],"curies":[{"name":"wp","href":"https:\/\/api.w.org\/{rel}","templated":true}]}}