{"id":14264,"date":"2024-11-29T11:33:46","date_gmt":"2024-11-29T17:33:46","guid":{"rendered":"http:\/\/www.fontur.gob.ve\/?p=14264"},"modified":"2024-11-29T11:38:20","modified_gmt":"2024-11-29T17:38:20","slug":"edison-alvarado-en-fontur-en-la-calle-debemos-seguir-manteniendo-la-paz-a-nivel-nacional","status":"publish","type":"post","link":"http:\/\/www.fontur.gob.ve\/?p=14264","title":{"rendered":"EDISON ALVARADO EN FONTUR EN LA CALLE: \u201cDEBEMOS SEGUIR MANTENIENDO LA PAZ A NIVEL NACIONAL\u201d"},"content":{"rendered":"<p style=\"text-align: justify;\"><strong>Caracas, 29\/11\/2024.-<\/strong>&nbsp;Este viernes 29 de noviembre, dimos por culminado el mes con nuestro programa #59 dedicado a informar los avances, los proyectos y todo lo relacionado con el sector transporte a nivel nacional, y \u00e9se es #FonturEnLaCalle, transmitido todos los viernes por la emisora que va de la mano con el pueblo.<\/p>\n<p style=\"text-align: justify;\"><img loading=\"lazy\" decoding=\"async\" class=\"size-medium wp-image-14265 alignleft\" src=\"http:\/\/www.fontur.gob.ve\/wp-content\/uploads\/2024\/11\/adaf870f-1af7-487f-866f-7fa3d28fabfa-300x300.jpg\" alt=\"\" width=\"300\" height=\"300\" srcset=\"http:\/\/www.fontur.gob.ve\/wp-content\/uploads\/2024\/11\/adaf870f-1af7-487f-866f-7fa3d28fabfa-300x300.jpg 300w, http:\/\/www.fontur.gob.ve\/wp-content\/uploads\/2024\/11\/adaf870f-1af7-487f-866f-7fa3d28fabfa-1024x1024.jpg 1024w, http:\/\/www.fontur.gob.ve\/wp-content\/uploads\/2024\/11\/adaf870f-1af7-487f-866f-7fa3d28fabfa-150x150.jpg 150w, http:\/\/www.fontur.gob.ve\/wp-content\/uploads\/2024\/11\/adaf870f-1af7-487f-866f-7fa3d28fabfa-768x768.jpg 768w, http:\/\/www.fontur.gob.ve\/wp-content\/uploads\/2024\/11\/adaf870f-1af7-487f-866f-7fa3d28fabfa.jpg 1280w\" sizes=\"auto, (max-width: 300px) 100vw, 300px\" \/>En esta oportunidad, el Presidente Ejecutivo de la Fundaci\u00f3n Fondo Nacional de Transporte Urbano (Fontur) y moderador del programa, Guillermo Eloy Sulbar\u00e1n Castillo, recibi\u00f3 en el estudio m\u00e1ster de YVKE Mundial, al Presidente del Sindicato de los Trabajadores del Metro de Caracas, miembro de la direcci\u00f3n nacional del Movimiento Futuro por el movimiento Trabajadores y Vicepresidente de la Central Bolivariana Socialista de Trabajadores, \u00e9ste es Edison Alvarado.<\/p>\n<p style=\"text-align: justify;\">&nbsp;<\/p>\n<p style=\"text-align: justify;\">Alvarado dio las gracias a \u201cChiquit\u00edn\u201d por la segunda invitaci\u00f3n al espacio informativo, y se dirigi\u00f3 a todos los radioescuchas de este prestigioso programa \u201ceste espacio es conocido por dejar expresar la voz del pueblo, la voz del transportista, la voz del humilde, la voz de los servidores p\u00fablicos; que prestamos un servicio desde nuestro sector transporte en distintas modalidades\u201d.<\/p>\n<p style=\"text-align: justify;\">Edison Alvarado dej\u00f3 por sentado que \u201cen estos 13 a\u00f1os de la Central Bolivariana Socialista de Trabajadores ha prevalecido la unidad, la unidad de quienes amamos la patria, la unidad del Proyecto Bolivariano que nos dej\u00f3 nuestro Comandante Ch\u00e1vez\u201d.<\/p>\n<p style=\"text-align: justify;\"><img loading=\"lazy\" decoding=\"async\" class=\"size-medium wp-image-14266 alignright\" src=\"http:\/\/www.fontur.gob.ve\/wp-content\/uploads\/2024\/11\/2e91970f-0aea-438d-aae7-c8752848e650-300x300.jpg\" alt=\"\" width=\"300\" height=\"300\" srcset=\"http:\/\/www.fontur.gob.ve\/wp-content\/uploads\/2024\/11\/2e91970f-0aea-438d-aae7-c8752848e650-300x300.jpg 300w, http:\/\/www.fontur.gob.ve\/wp-content\/uploads\/2024\/11\/2e91970f-0aea-438d-aae7-c8752848e650-1024x1024.jpg 1024w, http:\/\/www.fontur.gob.ve\/wp-content\/uploads\/2024\/11\/2e91970f-0aea-438d-aae7-c8752848e650-150x150.jpg 150w, http:\/\/www.fontur.gob.ve\/wp-content\/uploads\/2024\/11\/2e91970f-0aea-438d-aae7-c8752848e650-768x768.jpg 768w, http:\/\/www.fontur.gob.ve\/wp-content\/uploads\/2024\/11\/2e91970f-0aea-438d-aae7-c8752848e650.jpg 1280w\" sizes=\"auto, (max-width: 300px) 100vw, 300px\" \/><\/p>\n<p style=\"text-align: justify;\">A medida que transcurri\u00f3 el programa radial #FonturEnLaCalle, Guillermo Eloy Sulbar\u00e1n Castillo tuvo un enlace telef\u00f3nico en vivo con el Yester Castillo, Supervisor en la Coordinaci\u00f3n de Fontur en el estado Apure, quien inform\u00f3 que \u201cEn el mes de noviembre atendimos a m\u00e1s de 190 transportistas, apoy\u00e1ndolos con la supervisi\u00f3n de sus unidades de transporte y acompa\u00f1\u00e1ndolos en el proceso de actualizaci\u00f3n de datos y huella en la plataforma Patria\u201d.<\/p>\n<p style=\"text-align: justify;\">Sulbar\u00e1n Castillo, se refiri\u00f3 a la aprobaci\u00f3n de una ley aprobada por votaci\u00f3n un\u00e1nime en la Asamblea Nacional, la Ley Sim\u00f3n Bol\u00edvar. Esta ley dignifica al Padre de la Patria. A lo que Alvarado felicit\u00f3 a todos los diputados por su aprobaci\u00f3n, esta ley organizar\u00e1 una oposici\u00f3n seria, que respete al Jefe de Estado y a todos los organismos.<\/p>\n<p style=\"text-align: justify;\">Asimismo, Alvarado hizo un \u201cllamado a la unidad, a la paz, a la conciencia y ser leales a nuestros proyectos venezolanos, al socialismo. Los invitamos a la juramentaci\u00f3n del Nicol\u00e1s Maduro Moros, el pr\u00f3ximo 10 de enero\u201d.<\/p>\n","protected":false},"excerpt":{"rendered":"<p>Caracas, 29\/11\/2024.-&nbsp;Este viernes 29 de noviembre, dimos por culminado el mes con nuestro programa #59 dedicado a informar los avances, los proyectos y todo lo relacionado con el sector transporte <a class=\"more-link\" href=\"http:\/\/www.fontur.gob.ve\/?p=14264\">Leer M\u00e1s \u2192<\/a><\/p>\n","protected":false},"author":13,"featured_media":14271,"comment_status":"closed","ping_status":"closed","sticky":false,"template":"","format":"standard","meta":{"ngg_post_thumbnail":0,"footnotes":""},"categories":[4],"tags":[],"class_list":["post-14264","post","type-post","status-publish","format-standard","has-post-thumbnail","hentry","category-destacados"],"_links":{"self":[{"href":"http:\/\/www.fontur.gob.ve\/index.php?rest_route=\/wp\/v2\/posts\/14264","targetHints":{"allow":["GET"]}}],"collection":[{"href":"http:\/\/www.fontur.gob.ve\/index.php?rest_route=\/wp\/v2\/posts"}],"about":[{"href":"http:\/\/www.fontur.gob.ve\/index.php?rest_route=\/wp\/v2\/types\/post"}],"author":[{"embeddable":true,"href":"http:\/\/www.fontur.gob.ve\/index.php?rest_route=\/wp\/v2\/users\/13"}],"replies":[{"embeddable":true,"href":"http:\/\/www.fontur.gob.ve\/index.php?rest_route=%2Fwp%2Fv2%2Fcomments&post=14264"}],"version-history":[{"count":3,"href":"http:\/\/www.fontur.gob.ve\/index.php?rest_route=\/wp\/v2\/posts\/14264\/revisions"}],"predecessor-version":[{"id":14270,"href":"http:\/\/www.fontur.gob.ve\/index.php?rest_route=\/wp\/v2\/posts\/14264\/revisions\/14270"}],"wp:featuredmedia":[{"embeddable":true,"href":"http:\/\/www.fontur.gob.ve\/index.php?rest_route=\/wp\/v2\/media\/14271"}],"wp:attachment":[{"href":"http:\/\/www.fontur.gob.ve\/index.php?rest_route=%2Fwp%2Fv2%2Fmedia&parent=14264"}],"wp:term":[{"taxonomy":"category","embeddable":true,"href":"http:\/\/www.fontur.gob.ve\/index.php?rest_route=%2Fwp%2Fv2%2Fcategories&post=14264"},{"taxonomy":"post_tag","embeddable":true,"href":"http:\/\/www.fontur.gob.ve\/index.php?rest_route=%2Fwp%2Fv2%2Ftags&post=14264"}],"curies":[{"name":"wp","href":"https:\/\/api.w.org\/{rel}","templated":true}]}}