{"id":14250,"date":"2024-11-29T08:21:30","date_gmt":"2024-11-29T14:21:30","guid":{"rendered":"http:\/\/www.fontur.gob.ve\/?p=14250"},"modified":"2024-11-29T08:27:06","modified_gmt":"2024-11-29T14:27:06","slug":"fontur-estuvo-presente-en-el-conversatorio-sobre-el-libro-azul-organizado-por-las-manuelitas","status":"publish","type":"post","link":"http:\/\/www.fontur.gob.ve\/?p=14250","title":{"rendered":"Fontur estuvo presente en el Conversatorio sobre \u201cEl Libro Azul\u201d organizado por Las Manuelitas"},"content":{"rendered":"<p>Caracas, 28\/11\/2024.- Este jueves 28 de noviembre, la clase trabajadora de la Fundaci\u00f3n Fondo Nacional de Transporte Urbano (Fontur) y de otros entes adscritos al Ministerio del Poder Popular para el Transporte asistieron al Conversatorio sobre \u201cEl Libro Azul\u201d, a cargo del Diputado William Fari\u00f1as, organizado por el Movimiento de Mujeres Manuelita S\u00e1enz.<\/p>\n<p>El Diputado William Fari\u00f1as, ponente de la actividad, felicit\u00f3 a Las Manuelitas del Ministerio de Transporte, considerando que debe emularse en otros ministerios del Gobierno Bolivariano: \u201ceste es un movimiento de liberaci\u00f3n, debe expandirse contemplar hombres tambi\u00e9n, debe trabajar por la liberaci\u00f3n de Venezuela. Felicito a todo el equipo que acompa\u00f1a a Eliana Salazar y a nuestro ministro de Transporte\u201d.<\/p>\n<p style=\"text-align: justify;\">Fari\u00f1as acot\u00f3 que \u201choy hemos venido a hablar de El Libro Azul, libro de las ra\u00edces Bolivarianas. Cuando decimos Movimiento Bolivariano Revolucionario 200 estamos hablando de esas ra\u00edces\u201d. Explic\u00f3 que fue escrito por nuestro Comandante Ch\u00e1vez en la d\u00e9cada de los 90 \u201chablando de sue\u00f1os y liberaci\u00f3n, de este pensamiento raizal, de hundir en nuestras ra\u00edces, en el amor, en el humanismo, la \u00e9tica, el amor a la patria\u201d.<\/p>\n<p style=\"text-align: justify;\">\u201cEl Libro Azul\u201d, escrito por nuestro Comandante Supremo Hugo Ch\u00e1vez Fr\u00edas, est\u00e1 basado en la ruptura hist\u00f3rica tras la rebeli\u00f3n militar de 1992 y contempla las directrices para la construcci\u00f3n de la doctrina c\u00edvico-militar que el l\u00edder de la Revoluci\u00f3n Bolivariana visualiz\u00f3 para construir el futuro de Venezuela y que a\u00f1os despu\u00e9s se transform\u00f3 en el Proyecto Nacional Sim\u00f3n Bol\u00edvar.<\/p>\n<p style=\"text-align: justify;\">Durante la instalaci\u00f3n del conversatorio, la Dra. Eliana Salazar, presidenta del Movimiento de Mujeres Manuelita S\u00e1enz y Directora de Asuntos Internacionales del Ministerio del Poder Popular para Transporte, afirm\u00f3 \u201ctenemos un compromiso con nuestra Patria, nosotros los venezolanos somos los soldados de la patria, no podemos permitir que el enemigo nos robe la paz\u201d.<br \/>\nPor su parte, Paulina Moreno, directora de Gesti\u00f3n Comunicacional del Movimiento Manuelita S\u00e1enz, expres\u00f3 que este Conversatorio sobre El Libro Azul arranca un proceso de formaci\u00f3n sobre los libros hist\u00f3ricos para el beneficio de la clase trabajadora de la Gran Misi\u00f3n Transporte Venezuela, tengan conocimiento de la importancia de este escrito para este momento hist\u00f3rico y el nuevo Plan de Gobierno 2025 \u2013 2030.<\/p>\n\n\t\t<style type=\"text\/css\">\n\t\t\t#gallery-1 {\n\t\t\t\tmargin: auto;\n\t\t\t}\n\t\t\t#gallery-1 .gallery-item {\n\t\t\t\tfloat: left;\n\t\t\t\tmargin-top: 10px;\n\t\t\t\ttext-align: center;\n\t\t\t\twidth: 14%;\n\t\t\t}\n\t\t\t#gallery-1 img {\n\t\t\t\tborder: 2px solid #cfcfcf;\n\t\t\t}\n\t\t\t#gallery-1 .gallery-caption {\n\t\t\t\tmargin-left: 0;\n\t\t\t}\n\t\t\t\/* see gallery_shortcode() in wp-includes\/media.php *\/\n\t\t<\/style>\n\t\t<div id='gallery-1' class='gallery galleryid-14250 gallery-columns-7 gallery-size-thumbnail'><dl class='gallery-item'>\n\t\t\t<dt class='gallery-icon landscape'>\n\t\t\t\t<a href='http:\/\/www.fontur.gob.ve\/?attachment_id=14254#main'><img loading=\"lazy\" decoding=\"async\" width=\"150\" height=\"150\" src=\"http:\/\/www.fontur.gob.ve\/wp-content\/uploads\/2024\/11\/1-150x150.jpg\" class=\"attachment-thumbnail size-thumbnail\" alt=\"\" \/><\/a>\n\t\t\t<\/dt><\/dl><dl class='gallery-item'>\n\t\t\t<dt class='gallery-icon landscape'>\n\t\t\t\t<a href='http:\/\/www.fontur.gob.ve\/?attachment_id=14255#main'><img loading=\"lazy\" decoding=\"async\" width=\"150\" height=\"150\" src=\"http:\/\/www.fontur.gob.ve\/wp-content\/uploads\/2024\/11\/2-150x150.jpg\" class=\"attachment-thumbnail size-thumbnail\" alt=\"\" \/><\/a>\n\t\t\t<\/dt><\/dl><dl class='gallery-item'>\n\t\t\t<dt class='gallery-icon landscape'>\n\t\t\t\t<a href='http:\/\/www.fontur.gob.ve\/?attachment_id=14256#main'><img loading=\"lazy\" decoding=\"async\" width=\"150\" height=\"150\" src=\"http:\/\/www.fontur.gob.ve\/wp-content\/uploads\/2024\/11\/4-150x150.jpg\" class=\"attachment-thumbnail size-thumbnail\" alt=\"\" \/><\/a>\n\t\t\t<\/dt><\/dl><dl class='gallery-item'>\n\t\t\t<dt class='gallery-icon landscape'>\n\t\t\t\t<a href='http:\/\/www.fontur.gob.ve\/?attachment_id=14257#main'><img loading=\"lazy\" decoding=\"async\" width=\"150\" height=\"150\" src=\"http:\/\/www.fontur.gob.ve\/wp-content\/uploads\/2024\/11\/5-1-150x150.jpg\" class=\"attachment-thumbnail size-thumbnail\" alt=\"\" \/><\/a>\n\t\t\t<\/dt><\/dl><dl class='gallery-item'>\n\t\t\t<dt class='gallery-icon landscape'>\n\t\t\t\t<a href='http:\/\/www.fontur.gob.ve\/?attachment_id=14258#main'><img loading=\"lazy\" decoding=\"async\" width=\"150\" height=\"150\" src=\"http:\/\/www.fontur.gob.ve\/wp-content\/uploads\/2024\/11\/9-150x150.jpg\" class=\"attachment-thumbnail size-thumbnail\" alt=\"\" \/><\/a>\n\t\t\t<\/dt><\/dl><dl class='gallery-item'>\n\t\t\t<dt class='gallery-icon landscape'>\n\t\t\t\t<a href='http:\/\/www.fontur.gob.ve\/?attachment_id=14259#main'><img loading=\"lazy\" decoding=\"async\" width=\"150\" height=\"150\" src=\"http:\/\/www.fontur.gob.ve\/wp-content\/uploads\/2024\/11\/12-150x150.jpg\" class=\"attachment-thumbnail size-thumbnail\" alt=\"\" \/><\/a>\n\t\t\t<\/dt><\/dl><dl class='gallery-item'>\n\t\t\t<dt class='gallery-icon portrait'>\n\t\t\t\t<a href='http:\/\/www.fontur.gob.ve\/?attachment_id=14260#main'><img loading=\"lazy\" decoding=\"async\" width=\"150\" height=\"150\" src=\"http:\/\/www.fontur.gob.ve\/wp-content\/uploads\/2024\/11\/Sin-titulo-150x150.jpg\" class=\"attachment-thumbnail size-thumbnail\" alt=\"\" \/><\/a>\n\t\t\t<\/dt><\/dl><br style=\"clear: both\" \/>\n\t\t<\/div>\n\n<p>&nbsp;<\/p>\n","protected":false},"excerpt":{"rendered":"<p>Caracas, 28\/11\/2024.- Este jueves 28 de noviembre, la clase trabajadora de la Fundaci\u00f3n Fondo Nacional de Transporte Urbano (Fontur) y de otros entes adscritos al Ministerio del Poder Popular para <a class=\"more-link\" href=\"http:\/\/www.fontur.gob.ve\/?p=14250\">Leer M\u00e1s \u2192<\/a><\/p>\n","protected":false},"author":4,"featured_media":14261,"comment_status":"closed","ping_status":"closed","sticky":false,"template":"","format":"standard","meta":{"ngg_post_thumbnail":0,"footnotes":""},"categories":[5],"tags":[],"class_list":["post-14250","post","type-post","status-publish","format-standard","has-post-thumbnail","hentry","category-noticias"],"_links":{"self":[{"href":"http:\/\/www.fontur.gob.ve\/index.php?rest_route=\/wp\/v2\/posts\/14250","targetHints":{"allow":["GET"]}}],"collection":[{"href":"http:\/\/www.fontur.gob.ve\/index.php?rest_route=\/wp\/v2\/posts"}],"about":[{"href":"http:\/\/www.fontur.gob.ve\/index.php?rest_route=\/wp\/v2\/types\/post"}],"author":[{"embeddable":true,"href":"http:\/\/www.fontur.gob.ve\/index.php?rest_route=\/wp\/v2\/users\/4"}],"replies":[{"embeddable":true,"href":"http:\/\/www.fontur.gob.ve\/index.php?rest_route=%2Fwp%2Fv2%2Fcomments&post=14250"}],"version-history":[{"count":3,"href":"http:\/\/www.fontur.gob.ve\/index.php?rest_route=\/wp\/v2\/posts\/14250\/revisions"}],"predecessor-version":[{"id":14262,"href":"http:\/\/www.fontur.gob.ve\/index.php?rest_route=\/wp\/v2\/posts\/14250\/revisions\/14262"}],"wp:featuredmedia":[{"embeddable":true,"href":"http:\/\/www.fontur.gob.ve\/index.php?rest_route=\/wp\/v2\/media\/14261"}],"wp:attachment":[{"href":"http:\/\/www.fontur.gob.ve\/index.php?rest_route=%2Fwp%2Fv2%2Fmedia&parent=14250"}],"wp:term":[{"taxonomy":"category","embeddable":true,"href":"http:\/\/www.fontur.gob.ve\/index.php?rest_route=%2Fwp%2Fv2%2Fcategories&post=14250"},{"taxonomy":"post_tag","embeddable":true,"href":"http:\/\/www.fontur.gob.ve\/index.php?rest_route=%2Fwp%2Fv2%2Ftags&post=14250"}],"curies":[{"name":"wp","href":"https:\/\/api.w.org\/{rel}","templated":true}]}}